{"id":2370,"date":"2026-08-21T11:45:41","date_gmt":"2026-08-21T09:45:41","guid":{"rendered":"https:\/\/transalpi.eu\/?p=2370"},"modified":"2026-08-21T12:45:11","modified_gmt":"2026-08-21T10:45:11","slug":"rivieralp-des-itineraires-cyclables-entre-alpes-et-mediterranee","status":"publish","type":"post","link":"https:\/\/transalpi.eu\/fr\/rivieralp-itinerari-ciclabili-tra-le-alpi-e-il-mediterraneo\/","title":{"rendered":"RivierAlp : des itin\u00e9raires cyclables entre Alpes et M\u00e9diterran\u00e9e"},"content":{"rendered":"<div data-elementor-type=\"wp-post\" data-elementor-id=\"2370\" class=\"elementor elementor-2370\">\n\t\t\t\t<div class=\"elementor-element elementor-element-7409f806 e-flex e-con-boxed e-con e-parent\" data-id=\"7409f806\" data-element_type=\"container\" data-e-type=\"container\">\n\t\t\t\t\t<div class=\"e-con-inner\">\n\t\t\t\t<div class=\"elementor-element elementor-element-94d57ba elementor-widget elementor-widget-image\" data-id=\"94d57ba\" data-element_type=\"widget\" data-e-type=\"widget\" data-widget_type=\"image.default\">\n\t\t\t\t\t\t\t\t\t\t\t\t<figure class=\"wp-caption\">\n\t\t\t\t\t\t\t\t\t\t<img fetchpriority=\"high\" decoding=\"async\" width=\"1200\" height=\"800\" src=\"https:\/\/i0.wp.com\/transalpi.eu\/wp-content\/uploads\/2026\/07\/RivierAlp_itinerari_ciclabili_tra_mediterraneo_e_alpi.png?fit=1200%2C800&amp;ssl=1\" class=\"attachment-large size-large wp-image-2374\" alt=\"\" srcset=\"https:\/\/i0.wp.com\/transalpi.eu\/wp-content\/uploads\/2026\/07\/RivierAlp_itinerari_ciclabili_tra_mediterraneo_e_alpi.png?w=1200&amp;ssl=1 1200w, https:\/\/i0.wp.com\/transalpi.eu\/wp-content\/uploads\/2026\/07\/RivierAlp_itinerari_ciclabili_tra_mediterraneo_e_alpi.png?resize=300%2C200&amp;ssl=1 300w, https:\/\/i0.wp.com\/transalpi.eu\/wp-content\/uploads\/2026\/07\/RivierAlp_itinerari_ciclabili_tra_mediterraneo_e_alpi.png?resize=150%2C100&amp;ssl=1 150w, https:\/\/i0.wp.com\/transalpi.eu\/wp-content\/uploads\/2026\/07\/RivierAlp_itinerari_ciclabili_tra_mediterraneo_e_alpi.png?resize=768%2C512&amp;ssl=1 768w, https:\/\/i0.wp.com\/transalpi.eu\/wp-content\/uploads\/2026\/07\/RivierAlp_itinerari_ciclabili_tra_mediterraneo_e_alpi.png?resize=18%2C12&amp;ssl=1 18w\" sizes=\"(max-width: 1000px) 100vw, 1000px\" data-attachment-id=\"2374\" data-permalink=\"https:\/\/transalpi.eu\/fr\/rivieralp-des-itineraires-cyclables-entre-alpes-et-mediterranee\/rivieralp_itinerari_ciclabili_tra_mediterraneo_e_alpi\/\" data-orig-file=\"https:\/\/i0.wp.com\/transalpi.eu\/wp-content\/uploads\/2026\/07\/RivierAlp_itinerari_ciclabili_tra_mediterraneo_e_alpi.png?fit=1200%2C800&amp;ssl=1\" data-orig-size=\"1200,800\" data-comments-opened=\"1\" data-image-meta=\"{&quot;aperture&quot;:&quot;0&quot;,&quot;credit&quot;:&quot;&quot;,&quot;camera&quot;:&quot;&quot;,&quot;caption&quot;:&quot;&quot;,&quot;created_timestamp&quot;:&quot;0&quot;,&quot;copyright&quot;:&quot;&quot;,&quot;focal_length&quot;:&quot;0&quot;,&quot;iso&quot;:&quot;0&quot;,&quot;shutter_speed&quot;:&quot;0&quot;,&quot;title&quot;:&quot;&quot;,&quot;orientation&quot;:&quot;0&quot;,&quot;alt&quot;:&quot;&quot;}\" data-image-title=\"RivierAlp_itinerari_ciclabili_tra_mediterraneo_e_alpi\" data-image-description=\"\" data-image-caption=\"\" data-large-file=\"https:\/\/i0.wp.com\/transalpi.eu\/wp-content\/uploads\/2026\/07\/RivierAlp_itinerari_ciclabili_tra_mediterraneo_e_alpi.png?fit=1200%2C800&amp;ssl=1\" \/>\t\t\t\t\t\t\t\t\t\t\t<figcaption class=\"widget-image-caption wp-caption-text\">Pexels - Jose Rodriguez Ortega<\/figcaption>\n\t\t\t\t\t\t\t\t\t\t<\/figure>\n\t\t\t\t\t\t\t\t\t<\/div>\n\t\t\t\t<div class=\"elementor-element elementor-element-442abb38 elementor-widget elementor-widget-text-editor\" data-id=\"442abb38\" data-element_type=\"widget\" data-e-type=\"widget\" data-widget_type=\"text-editor.default\">\n\t\t\t\t\t\t\t\t\t<p><span data-contrast=\"auto\">Port\u00e9 par la commune de Limone Piemonte dans le cadre du programme Interreg ALCOTRA, le\u00a0<\/span><a href=\"https:\/\/www.rivieralp.eu\/\" target=\"_blank\" rel=\"noopener\"><span data-contrast=\"none\">projet RivierAlp<\/span><\/a><span data-contrast=\"auto\">\u00a0entend valoriser une offre touristique durable et respectueuse de l'environnement en mettant en avant des itin\u00e9raires de randonn\u00e9e p\u00e9destre et de cyclotourisme reliant les Alpes \u00e0 la M\u00e9diterran\u00e9e.<\/span><span data-ccp-props=\"{&quot;134233117&quot;:false,&quot;134233118&quot;:false,&quot;201341983&quot;:0,&quot;335551550&quot;:1,&quot;335551620&quot;:1,&quot;335559685&quot;:0,&quot;335559737&quot;:0,&quot;335559738&quot;:0,&quot;335559739&quot;:0,&quot;335559740&quot;:240}\">\u00a0<\/span><\/p><p><span data-contrast=\"auto\">D\u00e9ploy\u00e9 entre le Pi\u00e9mont, la Ligurie et les Alpes-Maritimes, le projet encourage la d\u00e9couverte du territoire partag\u00e9 franco-italien gr\u00e2ce aux mobilit\u00e9s douces, notamment en am\u00e9liorant et s\u00e9curisant des itin\u00e9raires d\u00e9j\u00e0 existants. Il poursuit ainsi plusieurs objectifs : renforcer l'attractivit\u00e9 de ces espaces de montagne, soutenir l'\u00e9conomie locale et d\u00e9velopper davantage de services adapt\u00e9s aux attentes du tourisme responsable.<\/span><span data-ccp-props=\"{&quot;134233117&quot;:false,&quot;134233118&quot;:false,&quot;201341983&quot;:0,&quot;335551550&quot;:1,&quot;335551620&quot;:1,&quot;335559685&quot;:0,&quot;335559737&quot;:0,&quot;335559738&quot;:240,&quot;335559739&quot;:240,&quot;335559740&quot;:240}\">\u00a0<\/span><\/p><h3><b><span data-contrast=\"auto\">Des itin\u00e9raires cyclables au fil de la fronti\u00e8re<\/span><\/b><\/h3><p><span data-contrast=\"auto\">Les parcours propos\u00e9s sillonnent les deux versants de la fronti\u00e8re franco-italienne et se veulent accessibles autant en v\u00e9lo gravel qu'en VTT ou VTTAE (VTT \u00e0 assistance \u00e9lectrique). Le col de Tende, point de passage entre la France et l'Italie, constitue le point de d\u00e9part d'une grande partie des itin\u00e9raires propos\u00e9s.<\/span><span data-ccp-props=\"{&quot;134233117&quot;:false,&quot;134233118&quot;:false,&quot;335551550&quot;:0,&quot;335551620&quot;:0,&quot;335559738&quot;:240,&quot;335559739&quot;:240}\">\u00a0<\/span><\/p><p><span data-contrast=\"auto\">Parmi eux figure un parcours transfrontalier reliant La Brigue (FR) au Colle del Garezzo (IT). Depuis la vall\u00e9e de la Roya, le trac\u00e9 emprunte d'anciennes routes militaires et grimpe progressivement \u00e0 travers for\u00eats et cols alpins, avant de rejoindre des cr\u00eates offrant un panorama sur les Alpes ligures. Malgr\u00e9 un d\u00e9nivel\u00e9 soutenu, le profil du parcours ne pr\u00e9sente pas de difficult\u00e9 technique majeure (niveau S0). Cela le rend donc accessible \u00e0 tout cycliste un minimum habitu\u00e9 aux ascensions de montagne qui souhaitent r\u00e9aliser cette travers\u00e9e transfrontali\u00e8re.\u00a0<\/span><a href=\"https:\/\/www.rivieralp.eu\/velo-vttae\/itineraire-la-brigue-a-colle-del-garezzo\/\" target=\"_blank\" rel=\"noopener\"><span data-contrast=\"none\">En savoir plus<\/span><\/a><\/p>\t\t\t\t\t\t\t\t<\/div>\n\t\t\t\t<div class=\"elementor-element elementor-element-2079b67 elementor-widget elementor-widget-text-editor\" data-id=\"2079b67\" data-element_type=\"widget\" data-e-type=\"widget\" data-widget_type=\"text-editor.default\">\n\t\t\t\t\t\t\t\t\t<p><em><strong>Vous souhaitez explorer d'autres itin\u00e9raires cyclables transfrontaliers entre la France et l\u2019Italie ?\u00a0<\/strong><\/em><\/p>\t\t\t\t\t\t\t\t<\/div>\n\t\t\t\t<div class=\"elementor-element elementor-element-0546143 elementor-widget elementor-widget-button\" data-id=\"0546143\" data-element_type=\"widget\" data-e-type=\"widget\" data-widget_type=\"button.default\">\n\t\t\t\t\t\t\t\t\t\t<a class=\"elementor-button elementor-button-link elementor-size-sm\" href=\"https:\/\/transalpi.eu\/fr\/a-velo\/\" target=\"_blank\">\n\t\t\t\t\t\t<span class=\"elementor-button-content-wrapper\">\n\t\t\t\t\t\t\t\t\t<span class=\"elementor-button-text\">Visita la pagina Muoversi in bici <\/span>\n\t\t\t\t\t<\/span>\n\t\t\t\t\t<\/a>\n\t\t\t\t\t\t\t\t<\/div>\n\t\t\t\t\t<\/div>\n\t\t\t\t<\/div>\n\t\t\t\t<\/div>","protected":false},"excerpt":{"rendered":"<p>Condotto dal Comune di Limone Piemonte nell\u2019ambito del programma Interreg ALCOTRA, il progetto RivierAlp mira a valorizzare un\u2019offerta turistica sostenibile e rispettosa dell\u2019ambiente, promuovendo itinerari escursionistici e cicloturistici che collegano le Alpi al&#8230;<\/p>","protected":false},"author":276573831,"featured_media":2374,"comment_status":"open","ping_status":"open","sticky":false,"template":"","format":"standard","meta":{"_acf_changed":false,"_jetpack_newsletter_access":"","_jetpack_dont_email_post_to_subs":false,"_jetpack_newsletter_tier_id":0,"_jetpack_memberships_contains_paywalled_content":false,"_wpcom_ai_launchpad_first_post":false,"_jetpack_feature_clip_id":0,"_jetpack_memberships_contains_paid_content":false,"footnotes":"","jetpack_publicize_message":"{title}\n\n{excerpt}\n\n{url}","jetpack_publicize_feature_enabled":true,"jetpack_social_post_already_shared":true,"jetpack_social_options":{"image_generator_settings":{"template":"highway","default_image_id":0,"font":"","enabled":false},"version":2},"_wpas_customize_per_network":false,"jetpack_post_was_ever_published":false},"categories":[1],"tags":[],"tag_":[1439,1408,1418,1431,1435],"class_list":["post-2370","post","type-post","status-publish","format-standard","has-post-thumbnail","hentry","category-uncategorized","tag_-alpi-marittime","tag_-bici","tag_-interreg-alcotra","tag_-cuneo","tag_-imperia"],"acf":[],"yoast_head":"<!-- This site is optimized with the Yoast SEO plugin v28.4 - https:\/\/yoast.com\/product\/yoast-seo-wordpress\/ -->\n<title>RivierAlp: itinerari ciclabili tra le Alpi e il Mediterraneo | TransAlpi<\/title>\n<meta name=\"robots\" content=\"index, follow, max-snippet:-1, max-image-preview:large, max-video-preview:-1\" \/>\n<link rel=\"canonical\" href=\"https:\/\/transalpi.eu\/fr\/rivieralp-des-itineraires-cyclables-entre-alpes-et-mediterranee\/\" \/>\n<meta property=\"og:locale\" content=\"fr_FR\" \/>\n<meta property=\"og:type\" content=\"article\" \/>\n<meta property=\"og:title\" content=\"RivierAlp: itinerari ciclabili tra le Alpi e il Mediterraneo | TransAlpi\" \/>\n<meta property=\"og:description\" content=\"Condotto dal Comune di Limone Piemonte nell\u2019ambito del programma Interreg ALCOTRA, il progetto RivierAlp mira a valorizzare un\u2019offerta turistica sostenibile e rispettosa dell\u2019ambiente, promuovendo itinerari escursionistici e cicloturistici che collegano le Alpi al...\" \/>\n<meta property=\"og:url\" content=\"https:\/\/transalpi.eu\/fr\/rivieralp-des-itineraires-cyclables-entre-alpes-et-mediterranee\/\" \/>\n<meta property=\"og:site_name\" content=\"TransAlpi\" \/>\n<meta property=\"article:published_time\" content=\"2026-08-21T09:45:41+00:00\" \/>\n<meta property=\"article:modified_time\" content=\"2026-08-21T10:45:11+00:00\" \/>\n<meta property=\"og:image\" content=\"https:\/\/transalpi.eu\/wp-content\/uploads\/2026\/07\/RivierAlp_itinerari_ciclabili_tra_mediterraneo_e_alpi.png\" \/>\n\t<meta property=\"og:image:width\" content=\"1200\" \/>\n\t<meta property=\"og:image:height\" content=\"800\" \/>\n\t<meta property=\"og:image:type\" content=\"image\/png\" \/>\n<meta name=\"author\" content=\"trasporti\" \/>\n<meta name=\"twitter:card\" content=\"summary_large_image\" \/>\n<meta name=\"twitter:label1\" content=\"\u00c9crit par\" \/>\n\t<meta name=\"twitter:data1\" content=\"trasporti\" \/>\n\t<meta name=\"twitter:label2\" content=\"Dur\u00e9e de lecture estim\u00e9e\" \/>\n\t<meta name=\"twitter:data2\" content=\"2 minutes\" \/>\n<script type=\"application\/ld+json\" class=\"yoast-schema-graph\">{\"@context\":\"https:\\\/\\\/schema.org\",\"@graph\":[{\"@type\":\"Article\",\"@id\":\"https:\\\/\\\/transalpi.eu\\\/rivieralp-itinerari-ciclabili-tra-le-alpi-e-il-mediterraneo\\\/#article\",\"isPartOf\":{\"@id\":\"https:\\\/\\\/transalpi.eu\\\/rivieralp-itinerari-ciclabili-tra-le-alpi-e-il-mediterraneo\\\/\"},\"author\":{\"name\":\"trasporti\",\"@id\":\"https:\\\/\\\/transalpi.eu\\\/#\\\/schema\\\/person\\\/b20022112aa0c7e3356844441749d09e\"},\"headline\":\"RivierAlp: itinerari ciclabili tra le Alpi e il Mediterraneo\",\"datePublished\":\"2026-08-21T09:45:41+00:00\",\"dateModified\":\"2026-08-21T10:45:11+00:00\",\"mainEntityOfPage\":{\"@id\":\"https:\\\/\\\/transalpi.eu\\\/rivieralp-itinerari-ciclabili-tra-le-alpi-e-il-mediterraneo\\\/\"},\"wordCount\":276,\"commentCount\":0,\"publisher\":{\"@id\":\"https:\\\/\\\/transalpi.eu\\\/#organization\"},\"image\":{\"@id\":\"https:\\\/\\\/transalpi.eu\\\/rivieralp-itinerari-ciclabili-tra-le-alpi-e-il-mediterraneo\\\/#primaryimage\"},\"thumbnailUrl\":\"https:\\\/\\\/i0.wp.com\\\/transalpi.eu\\\/wp-content\\\/uploads\\\/2026\\\/07\\\/RivierAlp_itinerari_ciclabili_tra_mediterraneo_e_alpi.png?fit=1200%2C800&ssl=1\",\"articleSection\":[\"Uncategorized\"],\"inLanguage\":\"fr-FR\",\"potentialAction\":[{\"@type\":\"CommentAction\",\"name\":\"Comment\",\"target\":[\"https:\\\/\\\/transalpi.eu\\\/rivieralp-itinerari-ciclabili-tra-le-alpi-e-il-mediterraneo\\\/#respond\"]}]},{\"@type\":\"WebPage\",\"@id\":\"https:\\\/\\\/transalpi.eu\\\/rivieralp-itinerari-ciclabili-tra-le-alpi-e-il-mediterraneo\\\/\",\"url\":\"https:\\\/\\\/transalpi.eu\\\/rivieralp-itinerari-ciclabili-tra-le-alpi-e-il-mediterraneo\\\/\",\"name\":\"RivierAlp: itinerari ciclabili tra le Alpi e il Mediterraneo | TransAlpi\",\"isPartOf\":{\"@id\":\"https:\\\/\\\/transalpi.eu\\\/#website\"},\"primaryImageOfPage\":{\"@id\":\"https:\\\/\\\/transalpi.eu\\\/rivieralp-itinerari-ciclabili-tra-le-alpi-e-il-mediterraneo\\\/#primaryimage\"},\"image\":{\"@id\":\"https:\\\/\\\/transalpi.eu\\\/rivieralp-itinerari-ciclabili-tra-le-alpi-e-il-mediterraneo\\\/#primaryimage\"},\"thumbnailUrl\":\"https:\\\/\\\/i0.wp.com\\\/transalpi.eu\\\/wp-content\\\/uploads\\\/2026\\\/07\\\/RivierAlp_itinerari_ciclabili_tra_mediterraneo_e_alpi.png?fit=1200%2C800&ssl=1\",\"datePublished\":\"2026-08-21T09:45:41+00:00\",\"dateModified\":\"2026-08-21T10:45:11+00:00\",\"breadcrumb\":{\"@id\":\"https:\\\/\\\/transalpi.eu\\\/rivieralp-itinerari-ciclabili-tra-le-alpi-e-il-mediterraneo\\\/#breadcrumb\"},\"inLanguage\":\"fr-FR\",\"potentialAction\":[{\"@type\":\"ReadAction\",\"target\":[\"https:\\\/\\\/transalpi.eu\\\/rivieralp-itinerari-ciclabili-tra-le-alpi-e-il-mediterraneo\\\/\"]}]},{\"@type\":\"ImageObject\",\"inLanguage\":\"fr-FR\",\"@id\":\"https:\\\/\\\/transalpi.eu\\\/rivieralp-itinerari-ciclabili-tra-le-alpi-e-il-mediterraneo\\\/#primaryimage\",\"url\":\"https:\\\/\\\/i0.wp.com\\\/transalpi.eu\\\/wp-content\\\/uploads\\\/2026\\\/07\\\/RivierAlp_itinerari_ciclabili_tra_mediterraneo_e_alpi.png?fit=1200%2C800&ssl=1\",\"contentUrl\":\"https:\\\/\\\/i0.wp.com\\\/transalpi.eu\\\/wp-content\\\/uploads\\\/2026\\\/07\\\/RivierAlp_itinerari_ciclabili_tra_mediterraneo_e_alpi.png?fit=1200%2C800&ssl=1\",\"width\":1200,\"height\":800},{\"@type\":\"BreadcrumbList\",\"@id\":\"https:\\\/\\\/transalpi.eu\\\/rivieralp-itinerari-ciclabili-tra-le-alpi-e-il-mediterraneo\\\/#breadcrumb\",\"itemListElement\":[{\"@type\":\"ListItem\",\"position\":1,\"name\":\"Home\",\"item\":\"https:\\\/\\\/transalpi.eu\\\/\"},{\"@type\":\"ListItem\",\"position\":2,\"name\":\"RivierAlp: itinerari ciclabili tra le Alpi e il Mediterraneo\"}]},{\"@type\":\"WebSite\",\"@id\":\"https:\\\/\\\/transalpi.eu\\\/#website\",\"url\":\"https:\\\/\\\/transalpi.eu\\\/\",\"name\":\"TransAlpi\",\"description\":\"Muoversi tra Italia e Francia\",\"publisher\":{\"@id\":\"https:\\\/\\\/transalpi.eu\\\/#organization\"},\"alternateName\":\"Transalpi\",\"potentialAction\":[{\"@type\":\"SearchAction\",\"target\":{\"@type\":\"EntryPoint\",\"urlTemplate\":\"https:\\\/\\\/transalpi.eu\\\/?s={search_term_string}\"},\"query-input\":{\"@type\":\"PropertyValueSpecification\",\"valueRequired\":true,\"valueName\":\"search_term_string\"}}],\"inLanguage\":\"fr-FR\"},{\"@type\":\"Organization\",\"@id\":\"https:\\\/\\\/transalpi.eu\\\/#organization\",\"name\":\"MOT (Mission Op\u00e9rationnelle Transfrontali\u00e8re)\",\"url\":\"https:\\\/\\\/transalpi.eu\\\/\",\"logo\":{\"@type\":\"ImageObject\",\"inLanguage\":\"fr-FR\",\"@id\":\"https:\\\/\\\/transalpi.eu\\\/#\\\/schema\\\/logo\\\/image\\\/\",\"url\":\"https:\\\/\\\/i0.wp.com\\\/transalpi.eu\\\/wp-content\\\/uploads\\\/2026\\\/02\\\/LOGO-TransAlpi-TRASPARENTE.png?fit=1831%2C414&ssl=1\",\"contentUrl\":\"https:\\\/\\\/i0.wp.com\\\/transalpi.eu\\\/wp-content\\\/uploads\\\/2026\\\/02\\\/LOGO-TransAlpi-TRASPARENTE.png?fit=1831%2C414&ssl=1\",\"width\":1831,\"height\":414,\"caption\":\"MOT (Mission Op\u00e9rationnelle Transfrontali\u00e8re)\"},\"image\":{\"@id\":\"https:\\\/\\\/transalpi.eu\\\/#\\\/schema\\\/logo\\\/image\\\/\"}},{\"@type\":\"Person\",\"@id\":\"https:\\\/\\\/transalpi.eu\\\/#\\\/schema\\\/person\\\/b20022112aa0c7e3356844441749d09e\",\"name\":\"trasporti\",\"image\":{\"@type\":\"ImageObject\",\"inLanguage\":\"fr-FR\",\"@id\":\"https:\\\/\\\/secure.gravatar.com\\\/avatar\\\/d07c8faf56cf74318207229b0d99ee7262c94be716370155b292c8335f305e54?s=96&d=identicon&r=g\",\"url\":\"https:\\\/\\\/secure.gravatar.com\\\/avatar\\\/d07c8faf56cf74318207229b0d99ee7262c94be716370155b292c8335f305e54?s=96&d=identicon&r=g\",\"contentUrl\":\"https:\\\/\\\/secure.gravatar.com\\\/avatar\\\/d07c8faf56cf74318207229b0d99ee7262c94be716370155b292c8335f305e54?s=96&d=identicon&r=g\",\"caption\":\"trasporti\"},\"sameAs\":[\"http:\\\/\\\/trasporti8c2ba0c0d1-qvscm.wordpress.com\"],\"url\":\"https:\\\/\\\/transalpi.eu\\\/fr\\\/author\\\/trasportifrit\\\/\"}]}<\/script>\n<!-- \/ Yoast SEO plugin. -->","yoast_head_json":{"title":"RivierAlp : des itin\u00e9raires cyclables entre Alpes et M\u00e9diterran\u00e9e | TransAlpi","robots":{"index":"index","follow":"follow","max-snippet":"max-snippet:-1","max-image-preview":"max-image-preview:large","max-video-preview":"max-video-preview:-1"},"canonical":"https:\/\/transalpi.eu\/fr\/rivieralp-des-itineraires-cyclables-entre-alpes-et-mediterranee\/","og_locale":"fr_FR","og_type":"article","og_title":"RivierAlp: itinerari ciclabili tra le Alpi e il Mediterraneo | TransAlpi","og_description":"Condotto dal Comune di Limone Piemonte nell\u2019ambito del programma Interreg ALCOTRA, il progetto RivierAlp mira a valorizzare un\u2019offerta turistica sostenibile e rispettosa dell\u2019ambiente, promuovendo itinerari escursionistici e cicloturistici che collegano le Alpi al...","og_url":"https:\/\/transalpi.eu\/fr\/rivieralp-des-itineraires-cyclables-entre-alpes-et-mediterranee\/","og_site_name":"TransAlpi","article_published_time":"2026-08-21T09:45:41+00:00","article_modified_time":"2026-08-21T10:45:11+00:00","og_image":[{"width":1200,"height":800,"url":"https:\/\/transalpi.eu\/wp-content\/uploads\/2026\/07\/RivierAlp_itinerari_ciclabili_tra_mediterraneo_e_alpi.png","type":"image\/png"}],"author":"trasporti","twitter_card":"summary_large_image","twitter_misc":{"\u00c9crit par":"trasporti","Dur\u00e9e de lecture estim\u00e9e":"2 minutes"},"schema":{"@context":"https:\/\/schema.org","@graph":[{"@type":"Article","@id":"https:\/\/transalpi.eu\/rivieralp-itinerari-ciclabili-tra-le-alpi-e-il-mediterraneo\/#article","isPartOf":{"@id":"https:\/\/transalpi.eu\/rivieralp-itinerari-ciclabili-tra-le-alpi-e-il-mediterraneo\/"},"author":{"name":"trasporti","@id":"https:\/\/transalpi.eu\/#\/schema\/person\/b20022112aa0c7e3356844441749d09e"},"headline":"RivierAlp: itinerari ciclabili tra le Alpi e il Mediterraneo","datePublished":"2026-08-21T09:45:41+00:00","dateModified":"2026-08-21T10:45:11+00:00","mainEntityOfPage":{"@id":"https:\/\/transalpi.eu\/rivieralp-itinerari-ciclabili-tra-le-alpi-e-il-mediterraneo\/"},"wordCount":276,"commentCount":0,"publisher":{"@id":"https:\/\/transalpi.eu\/#organization"},"image":{"@id":"https:\/\/transalpi.eu\/rivieralp-itinerari-ciclabili-tra-le-alpi-e-il-mediterraneo\/#primaryimage"},"thumbnailUrl":"https:\/\/i0.wp.com\/transalpi.eu\/wp-content\/uploads\/2026\/07\/RivierAlp_itinerari_ciclabili_tra_mediterraneo_e_alpi.png?fit=1200%2C800&ssl=1","articleSection":["Uncategorized"],"inLanguage":"fr-FR","potentialAction":[{"@type":"CommentAction","name":"Comment","target":["https:\/\/transalpi.eu\/rivieralp-itinerari-ciclabili-tra-le-alpi-e-il-mediterraneo\/#respond"]}]},{"@type":"WebPage","@id":"https:\/\/transalpi.eu\/rivieralp-itinerari-ciclabili-tra-le-alpi-e-il-mediterraneo\/","url":"https:\/\/transalpi.eu\/rivieralp-itinerari-ciclabili-tra-le-alpi-e-il-mediterraneo\/","name":"RivierAlp : des itin\u00e9raires cyclables entre Alpes et M\u00e9diterran\u00e9e | TransAlpi","isPartOf":{"@id":"https:\/\/transalpi.eu\/#website"},"primaryImageOfPage":{"@id":"https:\/\/transalpi.eu\/rivieralp-itinerari-ciclabili-tra-le-alpi-e-il-mediterraneo\/#primaryimage"},"image":{"@id":"https:\/\/transalpi.eu\/rivieralp-itinerari-ciclabili-tra-le-alpi-e-il-mediterraneo\/#primaryimage"},"thumbnailUrl":"https:\/\/i0.wp.com\/transalpi.eu\/wp-content\/uploads\/2026\/07\/RivierAlp_itinerari_ciclabili_tra_mediterraneo_e_alpi.png?fit=1200%2C800&ssl=1","datePublished":"2026-08-21T09:45:41+00:00","dateModified":"2026-08-21T10:45:11+00:00","breadcrumb":{"@id":"https:\/\/transalpi.eu\/rivieralp-itinerari-ciclabili-tra-le-alpi-e-il-mediterraneo\/#breadcrumb"},"inLanguage":"fr-FR","potentialAction":[{"@type":"ReadAction","target":["https:\/\/transalpi.eu\/rivieralp-itinerari-ciclabili-tra-le-alpi-e-il-mediterraneo\/"]}]},{"@type":"ImageObject","inLanguage":"fr-FR","@id":"https:\/\/transalpi.eu\/rivieralp-itinerari-ciclabili-tra-le-alpi-e-il-mediterraneo\/#primaryimage","url":"https:\/\/i0.wp.com\/transalpi.eu\/wp-content\/uploads\/2026\/07\/RivierAlp_itinerari_ciclabili_tra_mediterraneo_e_alpi.png?fit=1200%2C800&ssl=1","contentUrl":"https:\/\/i0.wp.com\/transalpi.eu\/wp-content\/uploads\/2026\/07\/RivierAlp_itinerari_ciclabili_tra_mediterraneo_e_alpi.png?fit=1200%2C800&ssl=1","width":1200,"height":800},{"@type":"BreadcrumbList","@id":"https:\/\/transalpi.eu\/rivieralp-itinerari-ciclabili-tra-le-alpi-e-il-mediterraneo\/#breadcrumb","itemListElement":[{"@type":"ListItem","position":1,"name":"Home","item":"https:\/\/transalpi.eu\/"},{"@type":"ListItem","position":2,"name":"RivierAlp: itinerari ciclabili tra le Alpi e il Mediterraneo"}]},{"@type":"WebSite","@id":"https:\/\/transalpi.eu\/#website","url":"https:\/\/transalpi.eu\/","name":"TransAlpi","description":"Se d\u00e9placer entre France et Italie","publisher":{"@id":"https:\/\/transalpi.eu\/#organization"},"alternateName":"Transalpi","potentialAction":[{"@type":"SearchAction","target":{"@type":"EntryPoint","urlTemplate":"https:\/\/transalpi.eu\/?s={search_term_string}"},"query-input":{"@type":"PropertyValueSpecification","valueRequired":true,"valueName":"search_term_string"}}],"inLanguage":"fr-FR"},{"@type":"Organization","@id":"https:\/\/transalpi.eu\/#organization","name":"MOT (Mission Op\u00e9rationnelle Transfrontali\u00e8re)","url":"https:\/\/transalpi.eu\/","logo":{"@type":"ImageObject","inLanguage":"fr-FR","@id":"https:\/\/transalpi.eu\/#\/schema\/logo\/image\/","url":"https:\/\/i0.wp.com\/transalpi.eu\/wp-content\/uploads\/2026\/02\/LOGO-TransAlpi-TRASPARENTE.png?fit=1831%2C414&ssl=1","contentUrl":"https:\/\/i0.wp.com\/transalpi.eu\/wp-content\/uploads\/2026\/02\/LOGO-TransAlpi-TRASPARENTE.png?fit=1831%2C414&ssl=1","width":1831,"height":414,"caption":"MOT (Mission Op\u00e9rationnelle Transfrontali\u00e8re)"},"image":{"@id":"https:\/\/transalpi.eu\/#\/schema\/logo\/image\/"}},{"@type":"Person","@id":"https:\/\/transalpi.eu\/#\/schema\/person\/b20022112aa0c7e3356844441749d09e","name":"trasporti","image":{"@type":"ImageObject","inLanguage":"fr-FR","@id":"https:\/\/secure.gravatar.com\/avatar\/d07c8faf56cf74318207229b0d99ee7262c94be716370155b292c8335f305e54?s=96&d=identicon&r=g","url":"https:\/\/secure.gravatar.com\/avatar\/d07c8faf56cf74318207229b0d99ee7262c94be716370155b292c8335f305e54?s=96&d=identicon&r=g","contentUrl":"https:\/\/secure.gravatar.com\/avatar\/d07c8faf56cf74318207229b0d99ee7262c94be716370155b292c8335f305e54?s=96&d=identicon&r=g","caption":"trasporti"},"sameAs":["http:\/\/trasporti8c2ba0c0d1-qvscm.wordpress.com"],"url":"https:\/\/transalpi.eu\/fr\/author\/trasportifrit\/"}]}},"jetpack_publicize_connections":[],"jetpack_likes_enabled":true,"jetpack_sharing_enabled":true,"jetpack_shortlink":"https:\/\/wp.me\/ph3GYt-Ce","jetpack-related-posts":[{"id":2282,"url":"https:\/\/transalpi.eu\/fr\/ce-ancora-tempo-per-salire-a-bordo-della-ferrovia-delle-meraviglie\/","url_meta":{"origin":2370,"position":0},"title":"Il est encore temps d'embarquer \u00e0 bord de la Ferrovia delle Meraviglie\u202f!","author":"trasporti","date":"17\/07\/2026","format":false,"excerpt":"Un itin\u00e9raire historique entre les Alpes et la M\u00e9diterran\u00e9e  Le projet \u201cItinerari d\u2019Autore\u201d (Itin\u00e9raires d\u2019Auteur), d\u00e9velopp\u00e9 par la Fondazione FS Italiane et...","rel":"","context":"Article similaire","block_context":{"text":"Article similaire","link":""},"img":{"alt_text":"","src":"https:\/\/i0.wp.com\/transalpi.eu\/wp-content\/uploads\/2026\/07\/ferrovia_delle_meraviglie.png?fit=1200%2C800&ssl=1&resize=350%2C200","width":350,"height":200,"srcset":"https:\/\/i0.wp.com\/transalpi.eu\/wp-content\/uploads\/2026\/07\/ferrovia_delle_meraviglie.png?fit=1200%2C800&ssl=1&resize=350%2C200 1x, https:\/\/i0.wp.com\/transalpi.eu\/wp-content\/uploads\/2026\/07\/ferrovia_delle_meraviglie.png?fit=1200%2C800&ssl=1&resize=525%2C300 1.5x, https:\/\/i0.wp.com\/transalpi.eu\/wp-content\/uploads\/2026\/07\/ferrovia_delle_meraviglie.png?fit=1200%2C800&ssl=1&resize=700%2C400 2x, https:\/\/i0.wp.com\/transalpi.eu\/wp-content\/uploads\/2026\/07\/ferrovia_delle_meraviglie.png?fit=1200%2C800&ssl=1&resize=1050%2C600 3x"},"classes":[]},{"id":2469,"url":"https:\/\/transalpi.eu\/fr\/linea-cuneo-breil-ventimiglia-i-lavori-perturbano-il-traffico-ferroviario-tra-cuneo-e-limone\/","url_meta":{"origin":2370,"position":1},"title":"Ligne Coni-Breil-Vintimille : des travaux perturbent le trafic ferroviaire entre Coni et Limone","author":"trasporti","date":"01\/09\/2026","format":false,"excerpt":"Dal 23 agosto al 13 settembre 2026, e poi dal 2 novembre al 5 dicembre 2026, il traffico dei treni regionali sar\u00e0 sospeso tra Cuneo e...","rel":"","context":"Article similaire","block_context":{"text":"Article similaire","link":""},"img":{"alt_text":"","src":"https:\/\/i0.wp.com\/transalpi.eu\/wp-content\/uploads\/2026\/09\/Stazione_Cuneo.png?fit=1200%2C800&ssl=1&resize=350%2C200","width":350,"height":200,"srcset":"https:\/\/i0.wp.com\/transalpi.eu\/wp-content\/uploads\/2026\/09\/Stazione_Cuneo.png?fit=1200%2C800&ssl=1&resize=350%2C200 1x, https:\/\/i0.wp.com\/transalpi.eu\/wp-content\/uploads\/2026\/09\/Stazione_Cuneo.png?fit=1200%2C800&ssl=1&resize=525%2C300 1.5x, https:\/\/i0.wp.com\/transalpi.eu\/wp-content\/uploads\/2026\/09\/Stazione_Cuneo.png?fit=1200%2C800&ssl=1&resize=700%2C400 2x, https:\/\/i0.wp.com\/transalpi.eu\/wp-content\/uploads\/2026\/09\/Stazione_Cuneo.png?fit=1200%2C800&ssl=1&resize=1050%2C600 3x"},"classes":[]},{"id":2086,"url":"https:\/\/transalpi.eu\/fr\/andiamo-una-nuova-navetta-per-attraversare-le-alpi-questestate\/","url_meta":{"origin":2370,"position":2},"title":"Andiamo ! Une nouvelle navette pour franchir les Alpes cet \u00e9t\u00e9","author":"trasporti","date":"03\/07\/2026","format":false,"excerpt":"Cet \u00e9t\u00e9, se d\u00e9placer sans voiture entre l\u2019Italie et le Queyras devient plus simple gr\u00e2ce \u00e0 Andiamo!, une navette transfrontali\u00e8re exp\u00e9rimentale mise en place par la Communaut\u00e9 de...","rel":"","context":"Article similaire","block_context":{"text":"Article similaire","link":""},"img":{"alt_text":"","src":"https:\/\/i0.wp.com\/transalpi.eu\/wp-content\/uploads\/2026\/07\/navette_andiamo.png?fit=1200%2C800&ssl=1&resize=350%2C200","width":350,"height":200,"srcset":"https:\/\/i0.wp.com\/transalpi.eu\/wp-content\/uploads\/2026\/07\/navette_andiamo.png?fit=1200%2C800&ssl=1&resize=350%2C200 1x, https:\/\/i0.wp.com\/transalpi.eu\/wp-content\/uploads\/2026\/07\/navette_andiamo.png?fit=1200%2C800&ssl=1&resize=525%2C300 1.5x, https:\/\/i0.wp.com\/transalpi.eu\/wp-content\/uploads\/2026\/07\/navette_andiamo.png?fit=1200%2C800&ssl=1&resize=700%2C400 2x, https:\/\/i0.wp.com\/transalpi.eu\/wp-content\/uploads\/2026\/07\/navette_andiamo.png?fit=1200%2C800&ssl=1&resize=1050%2C600 3x"},"classes":[]},{"id":2171,"url":"https:\/\/transalpi.eu\/fr\/la-navetta-transfrontaliera-susa-val-cenis-amplia-il-servizio-nel-2026\/","url_meta":{"origin":2370,"position":3},"title":"La navette transfrontali\u00e8re Suse\u2013Val Cenis \u00e9tend son service en 2026","author":"trasporti","date":"09\/07\/2026","format":false,"excerpt":"La navetta estiva che collega Susa (IT) a Val Cenis-Lanslebourg (FR) torna nel 2026 con una novit\u00e0: a partire dall\u201911 luglio, circoler\u00e0 anche il sabato e la domenica...","rel":"","context":"Article similaire","block_context":{"text":"Article similaire","link":""},"img":{"alt_text":"","src":"https:\/\/i0.wp.com\/transalpi.eu\/wp-content\/uploads\/2026\/07\/colle_moncenisio.png?fit=1200%2C800&ssl=1&resize=350%2C200","width":350,"height":200,"srcset":"https:\/\/i0.wp.com\/transalpi.eu\/wp-content\/uploads\/2026\/07\/colle_moncenisio.png?fit=1200%2C800&ssl=1&resize=350%2C200 1x, https:\/\/i0.wp.com\/transalpi.eu\/wp-content\/uploads\/2026\/07\/colle_moncenisio.png?fit=1200%2C800&ssl=1&resize=525%2C300 1.5x, https:\/\/i0.wp.com\/transalpi.eu\/wp-content\/uploads\/2026\/07\/colle_moncenisio.png?fit=1200%2C800&ssl=1&resize=700%2C400 2x, https:\/\/i0.wp.com\/transalpi.eu\/wp-content\/uploads\/2026\/07\/colle_moncenisio.png?fit=1200%2C800&ssl=1&resize=1050%2C600 3x"},"classes":[]},{"id":1889,"url":"https:\/\/transalpi.eu\/fr\/transalpi-hub-della-mobilita-tra-litalia-e-la-francia-inaugurato-con-successo\/","url_meta":{"origin":2370,"position":4},"title":"TransAlpi, hub de la mobilit\u00e9 entre la France et l'Italie, inaugur\u00e9 avec succ\u00e8s","author":"trasporti","date":"03\/06\/2026","format":false,"excerpt":"Il 29 maggio circa una trentina di cittadini e attori della cooperazione transfrontaliera e della mobilit\u00e0 si sono riuniti per partecipare al webinar di lancio di\u00a0TransAlpi, il nuovo hub dedicato alla mobilit\u00e0 franco-italiana, realizzato nell'ambito del progetto\u00a0Alcotrait\u00e9\u00a02\u00a0Trasporti\u00a0(Interreg France-Italia ALCOTRA 2021-2027).\u00a0 L\u2019evento ha offerto l\u2019occasione per far conoscere questo strumento bilingue\u2026","rel":"","context":"Article similaire","block_context":{"text":"Article similaire","link":""},"img":{"alt_text":"","src":"https:\/\/i0.wp.com\/transalpi.eu\/wp-content\/uploads\/2026\/06\/Lancement_TransAlpi.png?fit=1200%2C800&ssl=1&resize=350%2C200","width":350,"height":200,"srcset":"https:\/\/i0.wp.com\/transalpi.eu\/wp-content\/uploads\/2026\/06\/Lancement_TransAlpi.png?fit=1200%2C800&ssl=1&resize=350%2C200 1x, https:\/\/i0.wp.com\/transalpi.eu\/wp-content\/uploads\/2026\/06\/Lancement_TransAlpi.png?fit=1200%2C800&ssl=1&resize=525%2C300 1.5x, https:\/\/i0.wp.com\/transalpi.eu\/wp-content\/uploads\/2026\/06\/Lancement_TransAlpi.png?fit=1200%2C800&ssl=1&resize=700%2C400 2x, https:\/\/i0.wp.com\/transalpi.eu\/wp-content\/uploads\/2026\/06\/Lancement_TransAlpi.png?fit=1200%2C800&ssl=1&resize=1050%2C600 3x"},"classes":[]},{"id":2016,"url":"https:\/\/transalpi.eu\/fr\/e-bike-mont-blanc-il-massiccio-si-apre-alle-bici-elettriche\/","url_meta":{"origin":2370,"position":5},"title":"e-bike Mont-Blanc : le massif s\u2019ouvre aux v\u00e9los \u00e9lectriques","author":"trasporti","date":"23\/06\/2026","format":false,"excerpt":"Il progetto e-bike Mont-Blanc, finanziato dal programma Interreg ALCOTRA, ha l\u2019obiettivo di valorizzare in modo sostenibile il patrimonio naturale e culturale del...","rel":"","context":"Article similaire","block_context":{"text":"Article similaire","link":""},"img":{"alt_text":"","src":"https:\/\/i0.wp.com\/transalpi.eu\/wp-content\/uploads\/2026\/06\/ebike_monte_bianco.png?fit=1200%2C800&ssl=1&resize=350%2C200","width":350,"height":200,"srcset":"https:\/\/i0.wp.com\/transalpi.eu\/wp-content\/uploads\/2026\/06\/ebike_monte_bianco.png?fit=1200%2C800&ssl=1&resize=350%2C200 1x, https:\/\/i0.wp.com\/transalpi.eu\/wp-content\/uploads\/2026\/06\/ebike_monte_bianco.png?fit=1200%2C800&ssl=1&resize=525%2C300 1.5x, https:\/\/i0.wp.com\/transalpi.eu\/wp-content\/uploads\/2026\/06\/ebike_monte_bianco.png?fit=1200%2C800&ssl=1&resize=700%2C400 2x, https:\/\/i0.wp.com\/transalpi.eu\/wp-content\/uploads\/2026\/06\/ebike_monte_bianco.png?fit=1200%2C800&ssl=1&resize=1050%2C600 3x"},"classes":[]}],"jetpack_featured_media_url":"https:\/\/i0.wp.com\/transalpi.eu\/wp-content\/uploads\/2026\/07\/RivierAlp_itinerari_ciclabili_tra_mediterraneo_e_alpi.png?fit=1200%2C800&ssl=1","_links":{"self":[{"href":"https:\/\/transalpi.eu\/fr\/wp-json\/wp\/v2\/posts\/2370","targetHints":{"allow":["GET"]}}],"collection":[{"href":"https:\/\/transalpi.eu\/fr\/wp-json\/wp\/v2\/posts"}],"about":[{"href":"https:\/\/transalpi.eu\/fr\/wp-json\/wp\/v2\/types\/post"}],"author":[{"embeddable":true,"href":"https:\/\/transalpi.eu\/fr\/wp-json\/wp\/v2\/users\/276573831"}],"replies":[{"embeddable":true,"href":"https:\/\/transalpi.eu\/fr\/wp-json\/wp\/v2\/comments?post=2370"}],"version-history":[{"count":20,"href":"https:\/\/transalpi.eu\/fr\/wp-json\/wp\/v2\/posts\/2370\/revisions"}],"predecessor-version":[{"id":2414,"href":"https:\/\/transalpi.eu\/fr\/wp-json\/wp\/v2\/posts\/2370\/revisions\/2414"}],"wp:featuredmedia":[{"embeddable":true,"href":"https:\/\/transalpi.eu\/fr\/wp-json\/wp\/v2\/media\/2374"}],"wp:attachment":[{"href":"https:\/\/transalpi.eu\/fr\/wp-json\/wp\/v2\/media?parent=2370"}],"wp:term":[{"taxonomy":"category","embeddable":true,"href":"https:\/\/transalpi.eu\/fr\/wp-json\/wp\/v2\/categories?post=2370"},{"taxonomy":"post_tag","embeddable":true,"href":"https:\/\/transalpi.eu\/fr\/wp-json\/wp\/v2\/tags?post=2370"},{"taxonomy":"tag_","embeddable":true,"href":"https:\/\/transalpi.eu\/fr\/wp-json\/wp\/v2\/tag_?post=2370"}],"curies":[{"name":"wp","href":"https:\/\/api.w.org\/{rel}","templated":true}]}}