{"id":2086,"date":"2026-07-03T10:20:10","date_gmt":"2026-07-03T08:20:10","guid":{"rendered":"https:\/\/transalpi.eu\/?p=2086"},"modified":"2026-07-13T16:47:41","modified_gmt":"2026-07-13T14:47:41","slug":"andiamo-une-nouvelle-navette-pour-franchir-les-alpes-cet-ete","status":"publish","type":"post","link":"https:\/\/transalpi.eu\/fr\/andiamo-una-nuova-navetta-per-attraversare-le-alpi-questestate\/","title":{"rendered":"Andiamo ! Une nouvelle navette pour franchir les Alpes cet \u00e9t\u00e9"},"content":{"rendered":"<div data-elementor-type=\"wp-post\" data-elementor-id=\"2086\" class=\"elementor elementor-2086\">\n\t\t\t\t<div class=\"elementor-element elementor-element-182be44e e-flex e-con-boxed e-con e-parent\" data-id=\"182be44e\" data-element_type=\"container\" data-e-type=\"container\">\n\t\t\t\t\t<div class=\"e-con-inner\">\n\t\t\t\t<div class=\"elementor-element elementor-element-8cb0774 elementor-widget elementor-widget-image\" data-id=\"8cb0774\" data-element_type=\"widget\" data-e-type=\"widget\" data-widget_type=\"image.default\">\n\t\t\t\t\t\t\t\t\t\t\t\t<figure class=\"wp-caption\">\n\t\t\t\t\t\t\t\t\t\t<img fetchpriority=\"high\" decoding=\"async\" width=\"1200\" height=\"800\" src=\"https:\/\/i0.wp.com\/transalpi.eu\/wp-content\/uploads\/2026\/07\/navette_andiamo.png?fit=1200%2C800&amp;ssl=1\" class=\"attachment-large size-large wp-image-2112\" alt=\"\" srcset=\"https:\/\/i0.wp.com\/transalpi.eu\/wp-content\/uploads\/2026\/07\/navette_andiamo.png?w=1200&amp;ssl=1 1200w, https:\/\/i0.wp.com\/transalpi.eu\/wp-content\/uploads\/2026\/07\/navette_andiamo.png?resize=300%2C200&amp;ssl=1 300w, https:\/\/i0.wp.com\/transalpi.eu\/wp-content\/uploads\/2026\/07\/navette_andiamo.png?resize=150%2C100&amp;ssl=1 150w, https:\/\/i0.wp.com\/transalpi.eu\/wp-content\/uploads\/2026\/07\/navette_andiamo.png?resize=768%2C512&amp;ssl=1 768w, https:\/\/i0.wp.com\/transalpi.eu\/wp-content\/uploads\/2026\/07\/navette_andiamo.png?resize=18%2C12&amp;ssl=1 18w\" sizes=\"(max-width: 1000px) 100vw, 1000px\" data-attachment-id=\"2112\" data-permalink=\"https:\/\/transalpi.eu\/fr\/andiamo-una-nuova-navetta-per-attraversare-le-alpi-questestate\/navette_andiamo\/\" data-orig-file=\"https:\/\/i0.wp.com\/transalpi.eu\/wp-content\/uploads\/2026\/07\/navette_andiamo.png?fit=1200%2C800&amp;ssl=1\" data-orig-size=\"1200,800\" data-comments-opened=\"1\" data-image-meta=\"{&quot;aperture&quot;:&quot;0&quot;,&quot;credit&quot;:&quot;&quot;,&quot;camera&quot;:&quot;&quot;,&quot;caption&quot;:&quot;&quot;,&quot;created_timestamp&quot;:&quot;0&quot;,&quot;copyright&quot;:&quot;&quot;,&quot;focal_length&quot;:&quot;0&quot;,&quot;iso&quot;:&quot;0&quot;,&quot;shutter_speed&quot;:&quot;0&quot;,&quot;title&quot;:&quot;&quot;,&quot;orientation&quot;:&quot;0&quot;,&quot;alt&quot;:&quot;&quot;}\" data-image-title=\"navette_andiamo!\" data-image-description=\"\" data-image-caption=\"\" data-large-file=\"https:\/\/i0.wp.com\/transalpi.eu\/wp-content\/uploads\/2026\/07\/navette_andiamo.png?fit=1200%2C800&amp;ssl=1\" \/>\t\t\t\t\t\t\t\t\t\t\t<figcaption class=\"widget-image-caption wp-caption-text\">Communaut\u00e9 de Communes du Guillestrois-Queyras<\/figcaption>\n\t\t\t\t\t\t\t\t\t\t<\/figure>\n\t\t\t\t\t\t\t\t\t<\/div>\n\t\t\t\t<div class=\"elementor-element elementor-element-76213bf4 elementor-widget elementor-widget-text-editor\" data-id=\"76213bf4\" data-element_type=\"widget\" data-e-type=\"widget\" data-widget_type=\"text-editor.default\">\n\t\t\t\t\t\t\t\t\t<p><span data-contrast=\"auto\">Cet \u00e9t\u00e9, se d\u00e9placer sans voiture entre le Val Varaita et le Queyras devient plus simple gr\u00e2ce \u00e0&nbsp;<i>Andiamo !<\/i>, une navette transfrontali\u00e8re exp\u00e9rimentale mise en place par la&nbsp;<\/span><span data-contrast=\"none\">Communaut\u00e9 de communes du Guillestrois-Queyras<\/span><span data-contrast=\"auto\">. Ce nouveau service relie Ch\u00e2teau-Ville-Vieille (FR) \u00e0 Sampeyre (IT) en passant par le Col Agnel.<\/span><span data-ccp-props=\"{}\">&nbsp;<\/span><\/p>\n<p><span data-contrast=\"auto\">Pens\u00e9e comme une v\u00e9ritable liaison entre les deux versants des Alpes, <i>Andiamo ! <\/i>est mise en \u0153uvre dans le cadre du&nbsp;<\/span><a href=\"https:\/\/www.interreg-alcotra.eu\/fr\/attractive\" target=\"_blank\" rel=\"noopener\"><span data-contrast=\"none\">projet Attra(c)tive<\/span><\/a><span data-contrast=\"auto\">&nbsp;du&nbsp;<\/span><a href=\"https:\/\/visit.terresmonviso.eu\/fr\/\" target=\"_blank\" rel=\"noopener\"><span data-contrast=\"none\">PITER+ Terres Monviso<\/span><\/a><span data-contrast=\"auto\">&nbsp;(Interreg ALCOTRA), consacr\u00e9 au d\u00e9veloppement de l'attractivit\u00e9 touristique du territoire.  Dans cette optique, la navette offre aux locaux et aux touristes l'opportunit\u00e9 de d\u00e9couvrir les paysages, le patrimoine et les savoir-faire des territoires de part et d'autre de la fronti\u00e8re. Elle facilite notamment l'acc\u00e8s aux march\u00e9s italiens : Pontechianale le mardi, Casteldelfino le jeudi et Sampeyre le vendredi.<\/span><\/p>\n<h3><b><span data-contrast=\"auto\">Informations pratiques<\/span><\/b><span data-ccp-props=\"{&quot;335559739&quot;:0}\">&nbsp;<\/span><\/h3>\n<p><span data-contrast=\"auto\">Du 5 juillet au 30 ao\u00fbt 2026, la navette circulera 5 jours sur 7 : les mardis, jeudis, vendredis, samedis et dimanches.&nbsp;<\/span><a href=\"https:\/\/www.ccguillestroisqueyras.fr\/wp-content\/uploads\/2026\/07\/Andiamo.pdf\" target=\"_blank\" rel=\"noopener\"><span data-contrast=\"none\">Consultez les horaires d\u00e9taill\u00e9s<\/span><\/a><\/p>\n<p><span data-contrast=\"auto\">Le service est accessible uniquement sur r\u00e9servation \u00e0 effectuer au minimum 24 heures avant le d\u00e9part (48 heures les week-ends et jours f\u00e9ri\u00e9s), en envoyant un courriel \u00e0 l\u2019adresse e-mail&nbsp;<\/span><a href=\"mailto:navette@comcomgq.com\" target=\"_blank\" rel=\"noopener\"><span data-contrast=\"none\">navette@comcomgq.com<\/span><\/a><span data-contrast=\"auto\">. Le tarif est de 4 \u20ac par trajet (gratuit pour les -6 ans).<\/span><br><span data-ccp-props=\"{&quot;335559739&quot;:0}\">&nbsp;<br><\/span><span style=\"font-size: 0.8rem;\" data-contrast=\"auto\">La navette relie Ch\u00e2teau-Ville-Vieille (FR) \u00e0 Sampeyre (IT) et effectue 8 arr\u00eats interm\u00e9diaires :<\/span><span style=\"font-size: 0.8rem;\" data-ccp-props=\"{&quot;335559739&quot;:0}\">&nbsp;<\/span><\/p>\n<p><span data-ccp-props=\"{&quot;335559739&quot;:0}\">&#8211; Molines-la-Rua (FR) <br>&#8211; Molines \u2013 Mairie (FR) <br>&#8211; Pierre Grosse (FR) <br>&#8211; Fontgillarde (FR) <br>\u2013 Col Agnel <br>&#8211; Chianale (IT) <br>&#8211; Pontechianale (IT) <br>&#8211; Casteldelfino (IT) <br><\/span><\/p>\n<p><span data-contrast=\"auto\">A noter : la navette est r\u00e9serv\u00e9e aux trajets transfrontaliers, les d\u00e9placements exclusivement en France ou exclusivement en Italie ne sont donc pas possibles. Le Col Agnel, point de passage entre les deux pays, est donc, dans les deux sens de circulation, le premier arr\u00eat o\u00f9 il est possible de descendre de la navette.<\/span><span data-ccp-props=\"{&quot;335559739&quot;:0}\"><br><\/span><\/p>\n<h3><span data-ccp-props=\"{&quot;335559739&quot;:0}\">Une navette touristique compl\u00e9mentaire<\/span><\/h3>\n<p><span data-ccp-props=\"{&quot;335559739&quot;:0}\">Les mercredis et jeudis, du 1er juillet au 27 ao\u00fbt, une navette touristique compl\u00e9mentaire est propos\u00e9e par l'Union de montagne Val Varaita. Au d\u00e9part de Sampeyre, la navette permet de partir \u00e0 la d\u00e9couverte du Queyras gr\u00e2ce \u00e0 des arr\u00eats dans plusieurs sites d'int\u00e9r\u00eat touristique. <a href=\"https:\/\/transalpi.eu\/wp-content\/uploads\/2026\/07\/locandina_navetta_turistica_varaita-2.pdf\" target=\"_blank\" rel=\"noopener\">Plus d'informations<\/a><\/span><\/p>\t\t\t\t\t\t\t\t<\/div>\n\t\t\t\t<div class=\"elementor-element elementor-element-cef6d7b elementor-widget elementor-widget-html\" data-id=\"cef6d7b\" data-element_type=\"widget\" data-e-type=\"widget\" data-widget_type=\"html.default\">\n\t\t\t\t\t<iframe style=\"width: 100%; height: 600px; border: 0;\" allowfullscreen allow=\"geolocation\" src=\"\/\/umap.openstreetmap.fr\/fr\/map\/navette-andiamo_1427970?scaleControl=false&miniMap=false&scrollWheelZoom=false&zoomControl=true&editMode=disabled&moreControl=true&searchControl=null&tilelayersControl=null&embedControl=null&datalayersControl=true&onLoadPanel=none&captionBar=false&captionMenus=true\"><\/iframe><p><a href=\"\/\/umap.openstreetmap.fr\/fr\/map\/navette-andiamo_1427970?scaleControl=false&miniMap=false&scrollWheelZoom=true&zoomControl=true&editMode=disabled&moreControl=true&searchControl=null&tilelayersControl=null&embedControl=null&datalayersControl=true&onLoadPanel=none&captionBar=false&captionMenus=true\"><\/p>\t\t\t\t<\/div>\n\t\t\t\t\t<\/div>\n\t\t\t\t<\/div>\n\t\t\t\t<\/div>","protected":false},"excerpt":{"rendered":"<p>Cet \u00e9t\u00e9, se d\u00e9placer sans voiture entre l\u2019Italie et le Queyras devient plus simple gr\u00e2ce \u00e0 Andiamo!, une navette transfrontali\u00e8re exp\u00e9rimentale mise en place par la Communaut\u00e9 de...<\/p>","protected":false},"author":276573831,"featured_media":2112,"comment_status":"open","ping_status":"open","sticky":false,"template":"","format":"standard","meta":{"_acf_changed":false,"_jetpack_newsletter_access":"","_jetpack_dont_email_post_to_subs":false,"_jetpack_newsletter_tier_id":0,"_jetpack_memberships_contains_paywalled_content":false,"_wpcom_ai_launchpad_first_post":false,"_jetpack_feature_clip_id":0,"_jetpack_memberships_contains_paid_content":false,"footnotes":"","jetpack_publicize_message":"{title}\n\n{excerpt}\n\n{url}","jetpack_publicize_feature_enabled":true,"jetpack_social_post_already_shared":true,"jetpack_social_options":{"image_generator_settings":{"template":"highway","default_image_id":0,"font":"","enabled":false},"version":2},"_wpas_customize_per_network":false,"jetpack_post_was_ever_published":false},"categories":[1],"tags":[],"tag_":[1437,1413,1418,1420,1431],"class_list":["post-2086","post","type-post","status-publish","format-standard","has-post-thumbnail","hentry","category-uncategorized","tag_-alte-alpi","tag_-colle-agnello","tag_-interreg-alcotra","tag_-navette","tag_-cuneo"],"acf":[],"yoast_head":"<!-- This site is optimized with the Yoast SEO plugin v28.4 - https:\/\/yoast.com\/product\/yoast-seo-wordpress\/ -->\n<title>Andiamo ! Una nuova navetta per attraversare le Alpi quest\u2019estate | TransAlpi<\/title>\n<meta name=\"robots\" content=\"index, follow, max-snippet:-1, max-image-preview:large, max-video-preview:-1\" \/>\n<link rel=\"canonical\" href=\"https:\/\/transalpi.eu\/fr\/andiamo-une-nouvelle-navette-pour-franchir-les-alpes-cet-ete\/\" \/>\n<meta property=\"og:locale\" content=\"fr_FR\" \/>\n<meta property=\"og:type\" content=\"article\" \/>\n<meta property=\"og:title\" content=\"Andiamo ! Una nuova navetta per attraversare le Alpi quest\u2019estate | TransAlpi\" \/>\n<meta property=\"og:description\" content=\"Quest\u2019estate, spostarsi senza auto tra l\u2019Italia e il Queyras diventa pi\u00f9 semplice grazie ad Andiamo!, una navetta transfrontaliera sperimentale istituita dalla Communaut\u00e9 de\u2026\" \/>\n<meta property=\"og:url\" content=\"https:\/\/transalpi.eu\/fr\/andiamo-une-nouvelle-navette-pour-franchir-les-alpes-cet-ete\/\" \/>\n<meta property=\"og:site_name\" content=\"TransAlpi\" \/>\n<meta property=\"article:published_time\" content=\"2026-07-03T08:20:10+00:00\" \/>\n<meta property=\"article:modified_time\" content=\"2026-07-13T14:47:41+00:00\" \/>\n<meta property=\"og:image\" content=\"https:\/\/transalpi.eu\/wp-content\/uploads\/2026\/07\/navette_andiamo.png\" \/>\n\t<meta property=\"og:image:width\" content=\"1200\" \/>\n\t<meta property=\"og:image:height\" content=\"800\" \/>\n\t<meta property=\"og:image:type\" content=\"image\/png\" \/>\n<meta name=\"author\" content=\"trasporti\" \/>\n<meta name=\"twitter:card\" content=\"summary_large_image\" \/>\n<meta name=\"twitter:label1\" content=\"\u00c9crit par\" \/>\n\t<meta name=\"twitter:data1\" content=\"trasporti\" \/>\n\t<meta name=\"twitter:label2\" content=\"Dur\u00e9e de lecture estim\u00e9e\" \/>\n\t<meta name=\"twitter:data2\" content=\"2 minutes\" \/>\n<script type=\"application\/ld+json\" class=\"yoast-schema-graph\">{\"@context\":\"https:\\\/\\\/schema.org\",\"@graph\":[{\"@type\":\"Article\",\"@id\":\"https:\\\/\\\/transalpi.eu\\\/andiamo-una-nuova-navetta-per-attraversare-le-alpi-questestate\\\/#article\",\"isPartOf\":{\"@id\":\"https:\\\/\\\/transalpi.eu\\\/andiamo-una-nuova-navetta-per-attraversare-le-alpi-questestate\\\/\"},\"author\":{\"name\":\"trasporti\",\"@id\":\"https:\\\/\\\/transalpi.eu\\\/#\\\/schema\\\/person\\\/b20022112aa0c7e3356844441749d09e\"},\"headline\":\"Andiamo ! Una nuova navetta per attraversare le Alpi quest\u2019estate\",\"datePublished\":\"2026-07-03T08:20:10+00:00\",\"dateModified\":\"2026-07-13T14:47:41+00:00\",\"mainEntityOfPage\":{\"@id\":\"https:\\\/\\\/transalpi.eu\\\/andiamo-una-nuova-navetta-per-attraversare-le-alpi-questestate\\\/\"},\"wordCount\":361,\"commentCount\":0,\"publisher\":{\"@id\":\"https:\\\/\\\/transalpi.eu\\\/#organization\"},\"image\":{\"@id\":\"https:\\\/\\\/transalpi.eu\\\/andiamo-una-nuova-navetta-per-attraversare-le-alpi-questestate\\\/#primaryimage\"},\"thumbnailUrl\":\"https:\\\/\\\/i0.wp.com\\\/transalpi.eu\\\/wp-content\\\/uploads\\\/2026\\\/07\\\/navette_andiamo.png?fit=1200%2C800&ssl=1\",\"articleSection\":[\"Uncategorized\"],\"inLanguage\":\"fr-FR\",\"potentialAction\":[{\"@type\":\"CommentAction\",\"name\":\"Comment\",\"target\":[\"https:\\\/\\\/transalpi.eu\\\/andiamo-una-nuova-navetta-per-attraversare-le-alpi-questestate\\\/#respond\"]}]},{\"@type\":\"WebPage\",\"@id\":\"https:\\\/\\\/transalpi.eu\\\/andiamo-una-nuova-navetta-per-attraversare-le-alpi-questestate\\\/\",\"url\":\"https:\\\/\\\/transalpi.eu\\\/andiamo-una-nuova-navetta-per-attraversare-le-alpi-questestate\\\/\",\"name\":\"Andiamo ! Una nuova navetta per attraversare le Alpi quest\u2019estate | TransAlpi\",\"isPartOf\":{\"@id\":\"https:\\\/\\\/transalpi.eu\\\/#website\"},\"primaryImageOfPage\":{\"@id\":\"https:\\\/\\\/transalpi.eu\\\/andiamo-una-nuova-navetta-per-attraversare-le-alpi-questestate\\\/#primaryimage\"},\"image\":{\"@id\":\"https:\\\/\\\/transalpi.eu\\\/andiamo-una-nuova-navetta-per-attraversare-le-alpi-questestate\\\/#primaryimage\"},\"thumbnailUrl\":\"https:\\\/\\\/i0.wp.com\\\/transalpi.eu\\\/wp-content\\\/uploads\\\/2026\\\/07\\\/navette_andiamo.png?fit=1200%2C800&ssl=1\",\"datePublished\":\"2026-07-03T08:20:10+00:00\",\"dateModified\":\"2026-07-13T14:47:41+00:00\",\"breadcrumb\":{\"@id\":\"https:\\\/\\\/transalpi.eu\\\/andiamo-una-nuova-navetta-per-attraversare-le-alpi-questestate\\\/#breadcrumb\"},\"inLanguage\":\"fr-FR\",\"potentialAction\":[{\"@type\":\"ReadAction\",\"target\":[\"https:\\\/\\\/transalpi.eu\\\/andiamo-una-nuova-navetta-per-attraversare-le-alpi-questestate\\\/\"]}]},{\"@type\":\"ImageObject\",\"inLanguage\":\"fr-FR\",\"@id\":\"https:\\\/\\\/transalpi.eu\\\/andiamo-una-nuova-navetta-per-attraversare-le-alpi-questestate\\\/#primaryimage\",\"url\":\"https:\\\/\\\/i0.wp.com\\\/transalpi.eu\\\/wp-content\\\/uploads\\\/2026\\\/07\\\/navette_andiamo.png?fit=1200%2C800&ssl=1\",\"contentUrl\":\"https:\\\/\\\/i0.wp.com\\\/transalpi.eu\\\/wp-content\\\/uploads\\\/2026\\\/07\\\/navette_andiamo.png?fit=1200%2C800&ssl=1\",\"width\":1200,\"height\":800},{\"@type\":\"BreadcrumbList\",\"@id\":\"https:\\\/\\\/transalpi.eu\\\/andiamo-una-nuova-navetta-per-attraversare-le-alpi-questestate\\\/#breadcrumb\",\"itemListElement\":[{\"@type\":\"ListItem\",\"position\":1,\"name\":\"Home\",\"item\":\"https:\\\/\\\/transalpi.eu\\\/\"},{\"@type\":\"ListItem\",\"position\":2,\"name\":\"Andiamo ! Una nuova navetta per attraversare le Alpi quest\u2019estate\"}]},{\"@type\":\"WebSite\",\"@id\":\"https:\\\/\\\/transalpi.eu\\\/#website\",\"url\":\"https:\\\/\\\/transalpi.eu\\\/\",\"name\":\"TransAlpi\",\"description\":\"Muoversi tra Italia e Francia\",\"publisher\":{\"@id\":\"https:\\\/\\\/transalpi.eu\\\/#organization\"},\"alternateName\":\"Transalpi\",\"potentialAction\":[{\"@type\":\"SearchAction\",\"target\":{\"@type\":\"EntryPoint\",\"urlTemplate\":\"https:\\\/\\\/transalpi.eu\\\/?s={search_term_string}\"},\"query-input\":{\"@type\":\"PropertyValueSpecification\",\"valueRequired\":true,\"valueName\":\"search_term_string\"}}],\"inLanguage\":\"fr-FR\"},{\"@type\":\"Organization\",\"@id\":\"https:\\\/\\\/transalpi.eu\\\/#organization\",\"name\":\"MOT (Mission Op\u00e9rationnelle Transfrontali\u00e8re)\",\"url\":\"https:\\\/\\\/transalpi.eu\\\/\",\"logo\":{\"@type\":\"ImageObject\",\"inLanguage\":\"fr-FR\",\"@id\":\"https:\\\/\\\/transalpi.eu\\\/#\\\/schema\\\/logo\\\/image\\\/\",\"url\":\"https:\\\/\\\/i0.wp.com\\\/transalpi.eu\\\/wp-content\\\/uploads\\\/2026\\\/02\\\/LOGO-TransAlpi-TRASPARENTE.png?fit=1831%2C414&ssl=1\",\"contentUrl\":\"https:\\\/\\\/i0.wp.com\\\/transalpi.eu\\\/wp-content\\\/uploads\\\/2026\\\/02\\\/LOGO-TransAlpi-TRASPARENTE.png?fit=1831%2C414&ssl=1\",\"width\":1831,\"height\":414,\"caption\":\"MOT (Mission Op\u00e9rationnelle Transfrontali\u00e8re)\"},\"image\":{\"@id\":\"https:\\\/\\\/transalpi.eu\\\/#\\\/schema\\\/logo\\\/image\\\/\"}},{\"@type\":\"Person\",\"@id\":\"https:\\\/\\\/transalpi.eu\\\/#\\\/schema\\\/person\\\/b20022112aa0c7e3356844441749d09e\",\"name\":\"trasporti\",\"image\":{\"@type\":\"ImageObject\",\"inLanguage\":\"fr-FR\",\"@id\":\"https:\\\/\\\/secure.gravatar.com\\\/avatar\\\/d07c8faf56cf74318207229b0d99ee7262c94be716370155b292c8335f305e54?s=96&d=identicon&r=g\",\"url\":\"https:\\\/\\\/secure.gravatar.com\\\/avatar\\\/d07c8faf56cf74318207229b0d99ee7262c94be716370155b292c8335f305e54?s=96&d=identicon&r=g\",\"contentUrl\":\"https:\\\/\\\/secure.gravatar.com\\\/avatar\\\/d07c8faf56cf74318207229b0d99ee7262c94be716370155b292c8335f305e54?s=96&d=identicon&r=g\",\"caption\":\"trasporti\"},\"sameAs\":[\"http:\\\/\\\/trasporti8c2ba0c0d1-qvscm.wordpress.com\"],\"url\":\"https:\\\/\\\/transalpi.eu\\\/fr\\\/author\\\/trasportifrit\\\/\"}]}<\/script>\n<!-- \/ Yoast SEO plugin. -->","yoast_head_json":{"title":"Andiamo ! Una nuova navetta per attraversare le Alpi quest\u2019estate | TransAlpi","robots":{"index":"index","follow":"follow","max-snippet":"max-snippet:-1","max-image-preview":"max-image-preview:large","max-video-preview":"max-video-preview:-1"},"canonical":"https:\/\/transalpi.eu\/fr\/andiamo-une-nouvelle-navette-pour-franchir-les-alpes-cet-ete\/","og_locale":"fr_FR","og_type":"article","og_title":"Andiamo ! Una nuova navetta per attraversare le Alpi quest\u2019estate | TransAlpi","og_description":"Quest\u2019estate, spostarsi senza auto tra l\u2019Italia e il Queyras diventa pi\u00f9 semplice grazie ad Andiamo!, una navetta transfrontaliera sperimentale istituita dalla Communaut\u00e9 de\u2026","og_url":"https:\/\/transalpi.eu\/fr\/andiamo-une-nouvelle-navette-pour-franchir-les-alpes-cet-ete\/","og_site_name":"TransAlpi","article_published_time":"2026-07-03T08:20:10+00:00","article_modified_time":"2026-07-13T14:47:41+00:00","og_image":[{"width":1200,"height":800,"url":"https:\/\/transalpi.eu\/wp-content\/uploads\/2026\/07\/navette_andiamo.png","type":"image\/png"}],"author":"trasporti","twitter_card":"summary_large_image","twitter_misc":{"\u00c9crit par":"trasporti","Dur\u00e9e de lecture estim\u00e9e":"2 minutes"},"schema":{"@context":"https:\/\/schema.org","@graph":[{"@type":"Article","@id":"https:\/\/transalpi.eu\/andiamo-una-nuova-navetta-per-attraversare-le-alpi-questestate\/#article","isPartOf":{"@id":"https:\/\/transalpi.eu\/andiamo-una-nuova-navetta-per-attraversare-le-alpi-questestate\/"},"author":{"name":"trasporti","@id":"https:\/\/transalpi.eu\/#\/schema\/person\/b20022112aa0c7e3356844441749d09e"},"headline":"Andiamo ! Una nuova navetta per attraversare le Alpi quest\u2019estate","datePublished":"2026-07-03T08:20:10+00:00","dateModified":"2026-07-13T14:47:41+00:00","mainEntityOfPage":{"@id":"https:\/\/transalpi.eu\/andiamo-una-nuova-navetta-per-attraversare-le-alpi-questestate\/"},"wordCount":361,"commentCount":0,"publisher":{"@id":"https:\/\/transalpi.eu\/#organization"},"image":{"@id":"https:\/\/transalpi.eu\/andiamo-una-nuova-navetta-per-attraversare-le-alpi-questestate\/#primaryimage"},"thumbnailUrl":"https:\/\/i0.wp.com\/transalpi.eu\/wp-content\/uploads\/2026\/07\/navette_andiamo.png?fit=1200%2C800&ssl=1","articleSection":["Uncategorized"],"inLanguage":"fr-FR","potentialAction":[{"@type":"CommentAction","name":"Comment","target":["https:\/\/transalpi.eu\/andiamo-una-nuova-navetta-per-attraversare-le-alpi-questestate\/#respond"]}]},{"@type":"WebPage","@id":"https:\/\/transalpi.eu\/andiamo-una-nuova-navetta-per-attraversare-le-alpi-questestate\/","url":"https:\/\/transalpi.eu\/andiamo-una-nuova-navetta-per-attraversare-le-alpi-questestate\/","name":"Andiamo ! Una nuova navetta per attraversare le Alpi quest\u2019estate | TransAlpi","isPartOf":{"@id":"https:\/\/transalpi.eu\/#website"},"primaryImageOfPage":{"@id":"https:\/\/transalpi.eu\/andiamo-una-nuova-navetta-per-attraversare-le-alpi-questestate\/#primaryimage"},"image":{"@id":"https:\/\/transalpi.eu\/andiamo-una-nuova-navetta-per-attraversare-le-alpi-questestate\/#primaryimage"},"thumbnailUrl":"https:\/\/i0.wp.com\/transalpi.eu\/wp-content\/uploads\/2026\/07\/navette_andiamo.png?fit=1200%2C800&ssl=1","datePublished":"2026-07-03T08:20:10+00:00","dateModified":"2026-07-13T14:47:41+00:00","breadcrumb":{"@id":"https:\/\/transalpi.eu\/andiamo-una-nuova-navetta-per-attraversare-le-alpi-questestate\/#breadcrumb"},"inLanguage":"fr-FR","potentialAction":[{"@type":"ReadAction","target":["https:\/\/transalpi.eu\/andiamo-una-nuova-navetta-per-attraversare-le-alpi-questestate\/"]}]},{"@type":"ImageObject","inLanguage":"fr-FR","@id":"https:\/\/transalpi.eu\/andiamo-una-nuova-navetta-per-attraversare-le-alpi-questestate\/#primaryimage","url":"https:\/\/i0.wp.com\/transalpi.eu\/wp-content\/uploads\/2026\/07\/navette_andiamo.png?fit=1200%2C800&ssl=1","contentUrl":"https:\/\/i0.wp.com\/transalpi.eu\/wp-content\/uploads\/2026\/07\/navette_andiamo.png?fit=1200%2C800&ssl=1","width":1200,"height":800},{"@type":"BreadcrumbList","@id":"https:\/\/transalpi.eu\/andiamo-una-nuova-navetta-per-attraversare-le-alpi-questestate\/#breadcrumb","itemListElement":[{"@type":"ListItem","position":1,"name":"Home","item":"https:\/\/transalpi.eu\/"},{"@type":"ListItem","position":2,"name":"Andiamo ! Una nuova navetta per attraversare le Alpi quest\u2019estate"}]},{"@type":"WebSite","@id":"https:\/\/transalpi.eu\/#website","url":"https:\/\/transalpi.eu\/","name":"TransAlpi","description":"Se d\u00e9placer entre France et Italie","publisher":{"@id":"https:\/\/transalpi.eu\/#organization"},"alternateName":"Transalpi","potentialAction":[{"@type":"SearchAction","target":{"@type":"EntryPoint","urlTemplate":"https:\/\/transalpi.eu\/?s={search_term_string}"},"query-input":{"@type":"PropertyValueSpecification","valueRequired":true,"valueName":"search_term_string"}}],"inLanguage":"fr-FR"},{"@type":"Organization","@id":"https:\/\/transalpi.eu\/#organization","name":"MOT (Mission Op\u00e9rationnelle Transfrontali\u00e8re)","url":"https:\/\/transalpi.eu\/","logo":{"@type":"ImageObject","inLanguage":"fr-FR","@id":"https:\/\/transalpi.eu\/#\/schema\/logo\/image\/","url":"https:\/\/i0.wp.com\/transalpi.eu\/wp-content\/uploads\/2026\/02\/LOGO-TransAlpi-TRASPARENTE.png?fit=1831%2C414&ssl=1","contentUrl":"https:\/\/i0.wp.com\/transalpi.eu\/wp-content\/uploads\/2026\/02\/LOGO-TransAlpi-TRASPARENTE.png?fit=1831%2C414&ssl=1","width":1831,"height":414,"caption":"MOT (Mission Op\u00e9rationnelle Transfrontali\u00e8re)"},"image":{"@id":"https:\/\/transalpi.eu\/#\/schema\/logo\/image\/"}},{"@type":"Person","@id":"https:\/\/transalpi.eu\/#\/schema\/person\/b20022112aa0c7e3356844441749d09e","name":"trasporti","image":{"@type":"ImageObject","inLanguage":"fr-FR","@id":"https:\/\/secure.gravatar.com\/avatar\/d07c8faf56cf74318207229b0d99ee7262c94be716370155b292c8335f305e54?s=96&d=identicon&r=g","url":"https:\/\/secure.gravatar.com\/avatar\/d07c8faf56cf74318207229b0d99ee7262c94be716370155b292c8335f305e54?s=96&d=identicon&r=g","contentUrl":"https:\/\/secure.gravatar.com\/avatar\/d07c8faf56cf74318207229b0d99ee7262c94be716370155b292c8335f305e54?s=96&d=identicon&r=g","caption":"trasporti"},"sameAs":["http:\/\/trasporti8c2ba0c0d1-qvscm.wordpress.com"],"url":"https:\/\/transalpi.eu\/fr\/author\/trasportifrit\/"}]}},"jetpack_publicize_connections":[],"jetpack_likes_enabled":true,"jetpack_sharing_enabled":true,"jetpack_shortlink":"https:\/\/wp.me\/ph3GYt-xE","jetpack-related-posts":[{"id":2171,"url":"https:\/\/transalpi.eu\/fr\/la-navetta-transfrontaliera-susa-val-cenis-amplia-il-servizio-nel-2026\/","url_meta":{"origin":2086,"position":0},"title":"La navette transfrontali\u00e8re Suse\u2013Val Cenis \u00e9tend son service en 2026","author":"trasporti","date":"09\/07\/2026","format":false,"excerpt":"La navetta estiva che collega Susa (IT) a Val Cenis-Lanslebourg (FR) torna nel 2026 con una novit\u00e0: a partire dall\u201911 luglio, circoler\u00e0 anche il sabato e la domenica...","rel":"","context":"Article similaire","block_context":{"text":"Article similaire","link":""},"img":{"alt_text":"","src":"https:\/\/i0.wp.com\/transalpi.eu\/wp-content\/uploads\/2026\/07\/colle_moncenisio.png?fit=1200%2C800&ssl=1&resize=350%2C200","width":350,"height":200,"srcset":"https:\/\/i0.wp.com\/transalpi.eu\/wp-content\/uploads\/2026\/07\/colle_moncenisio.png?fit=1200%2C800&ssl=1&resize=350%2C200 1x, https:\/\/i0.wp.com\/transalpi.eu\/wp-content\/uploads\/2026\/07\/colle_moncenisio.png?fit=1200%2C800&ssl=1&resize=525%2C300 1.5x, https:\/\/i0.wp.com\/transalpi.eu\/wp-content\/uploads\/2026\/07\/colle_moncenisio.png?fit=1200%2C800&ssl=1&resize=700%2C400 2x, https:\/\/i0.wp.com\/transalpi.eu\/wp-content\/uploads\/2026\/07\/colle_moncenisio.png?fit=1200%2C800&ssl=1&resize=1050%2C600 3x"},"classes":[]},{"id":1921,"url":"https:\/\/transalpi.eu\/fr\/riprendono-i-servizi-navetta-estivi-tra-pian-del-colle-e-la-valle-stretta\/","url_meta":{"origin":2086,"position":1},"title":"Retour des navettes estivales entre Pian del Colle et la Vall\u00e9e \u00c9troite","author":"trasporti","date":"30\/06\/2026","format":false,"excerpt":"La Communaut\u00e9 de Communes del Brian\u00e7onnais e il Comune di Bardonecchia propongono anche quest\u2019anno un servizio di navette tra Pian del Colle (Italia) e la Valle...","rel":"","context":"Article similaire","block_context":{"text":"Article similaire","link":""},"img":{"alt_text":"","src":"https:\/\/i0.wp.com\/transalpi.eu\/wp-content\/uploads\/2026\/06\/valle_etroite.png?fit=1200%2C800&ssl=1&resize=350%2C200","width":350,"height":200,"srcset":"https:\/\/i0.wp.com\/transalpi.eu\/wp-content\/uploads\/2026\/06\/valle_etroite.png?fit=1200%2C800&ssl=1&resize=350%2C200 1x, https:\/\/i0.wp.com\/transalpi.eu\/wp-content\/uploads\/2026\/06\/valle_etroite.png?fit=1200%2C800&ssl=1&resize=525%2C300 1.5x, https:\/\/i0.wp.com\/transalpi.eu\/wp-content\/uploads\/2026\/06\/valle_etroite.png?fit=1200%2C800&ssl=1&resize=700%2C400 2x, https:\/\/i0.wp.com\/transalpi.eu\/wp-content\/uploads\/2026\/06\/valle_etroite.png?fit=1200%2C800&ssl=1&resize=1050%2C600 3x"},"classes":[]},{"id":2016,"url":"https:\/\/transalpi.eu\/fr\/e-bike-mont-blanc-il-massiccio-si-apre-alle-bici-elettriche\/","url_meta":{"origin":2086,"position":2},"title":"e-bike Mont-Blanc : le massif s\u2019ouvre aux v\u00e9los \u00e9lectriques","author":"trasporti","date":"23\/06\/2026","format":false,"excerpt":"Il progetto e-bike Mont-Blanc, finanziato dal programma Interreg ALCOTRA, ha l\u2019obiettivo di valorizzare in modo sostenibile il patrimonio naturale e culturale del...","rel":"","context":"Article similaire","block_context":{"text":"Article similaire","link":""},"img":{"alt_text":"","src":"https:\/\/i0.wp.com\/transalpi.eu\/wp-content\/uploads\/2026\/06\/ebike_monte_bianco.png?fit=1200%2C800&ssl=1&resize=350%2C200","width":350,"height":200,"srcset":"https:\/\/i0.wp.com\/transalpi.eu\/wp-content\/uploads\/2026\/06\/ebike_monte_bianco.png?fit=1200%2C800&ssl=1&resize=350%2C200 1x, https:\/\/i0.wp.com\/transalpi.eu\/wp-content\/uploads\/2026\/06\/ebike_monte_bianco.png?fit=1200%2C800&ssl=1&resize=525%2C300 1.5x, https:\/\/i0.wp.com\/transalpi.eu\/wp-content\/uploads\/2026\/06\/ebike_monte_bianco.png?fit=1200%2C800&ssl=1&resize=700%2C400 2x, https:\/\/i0.wp.com\/transalpi.eu\/wp-content\/uploads\/2026\/06\/ebike_monte_bianco.png?fit=1200%2C800&ssl=1&resize=1050%2C600 3x"},"classes":[]},{"id":2320,"url":"https:\/\/transalpi.eu\/fr\/come-attraversare-il-colle-del-piccolo-san-bernardo-con-i-mezzi-pubblici-questestate\/","url_meta":{"origin":2086,"position":3},"title":"Comment traverser le Col du Petit-Saint-Bernard en transports en commun cet \u00e9t\u00e9 ?","author":"trasporti","date":"21\/07\/2026","format":false,"excerpt":"Quest\u2019estate, il colle transfrontaliero del Piccolo San Bernardo \u00e8 facilmente raggiungibile con i mezzi pubblici grazie ai servizi navetta organizzati su entrambi i lati del confine franco-italiano. Questa offerta...","rel":"","context":"Article similaire","block_context":{"text":"Article similaire","link":""},"img":{"alt_text":"","src":"https:\/\/i0.wp.com\/transalpi.eu\/wp-content\/uploads\/2026\/07\/colle_piccolo_san_bernardo.png?fit=1200%2C800&ssl=1&resize=350%2C200","width":350,"height":200,"srcset":"https:\/\/i0.wp.com\/transalpi.eu\/wp-content\/uploads\/2026\/07\/colle_piccolo_san_bernardo.png?fit=1200%2C800&ssl=1&resize=350%2C200 1x, https:\/\/i0.wp.com\/transalpi.eu\/wp-content\/uploads\/2026\/07\/colle_piccolo_san_bernardo.png?fit=1200%2C800&ssl=1&resize=525%2C300 1.5x, https:\/\/i0.wp.com\/transalpi.eu\/wp-content\/uploads\/2026\/07\/colle_piccolo_san_bernardo.png?fit=1200%2C800&ssl=1&resize=700%2C400 2x, https:\/\/i0.wp.com\/transalpi.eu\/wp-content\/uploads\/2026\/07\/colle_piccolo_san_bernardo.png?fit=1200%2C800&ssl=1&resize=1050%2C600 3x"},"classes":[]},{"id":1836,"url":"https:\/\/transalpi.eu\/fr\/lespresso-riviera-non-circolera-questestate\/","url_meta":{"origin":2086,"position":4},"title":"L'Espresso Riviera ne circulera pas cet \u00e9t\u00e9","author":"trasporti","date":"11\/05\/2026","format":false,"excerpt":"Wikimedia Commons - Tangopaso Un servizio turistico molto frequentato\u00a0\u00a0 L\u2019Espresso Riviera, treno notturno estivo gestito da FS Treni Turistici Italiani (filiale delle Ferrovie dello Stato Italiane), ha riscosso un grande successo nelle sue prime due stagioni.\u00a0\u00a0\u00a0 Lanciato nel 2024 con un collegamento Roma\u2013Nizza, poi esteso fino a Marsiglia nel 2025,\u2026","rel":"","context":"Article similaire","block_context":{"text":"Article similaire","link":""},"img":{"alt_text":"","src":"https:\/\/i0.wp.com\/transalpi.eu\/wp-content\/uploads\/2026\/05\/treno_liguria.png?fit=1200%2C800&ssl=1&resize=350%2C200","width":350,"height":200,"srcset":"https:\/\/i0.wp.com\/transalpi.eu\/wp-content\/uploads\/2026\/05\/treno_liguria.png?fit=1200%2C800&ssl=1&resize=350%2C200 1x, https:\/\/i0.wp.com\/transalpi.eu\/wp-content\/uploads\/2026\/05\/treno_liguria.png?fit=1200%2C800&ssl=1&resize=525%2C300 1.5x, https:\/\/i0.wp.com\/transalpi.eu\/wp-content\/uploads\/2026\/05\/treno_liguria.png?fit=1200%2C800&ssl=1&resize=700%2C400 2x, https:\/\/i0.wp.com\/transalpi.eu\/wp-content\/uploads\/2026\/05\/treno_liguria.png?fit=1200%2C800&ssl=1&resize=1050%2C600 3x"},"classes":[]},{"id":1956,"url":"https:\/\/transalpi.eu\/fr\/3a-riunione-del-comitato-di-cooperazione-frontaliera-italia-francia-la-mobilita-al-centro-delle-priorita\/","url_meta":{"origin":2086,"position":5},"title":"3\u00e8me Comit\u00e9 de coop\u00e9ration frontali\u00e8re franco-italien : la mobilit\u00e9 au c\u0153ur des priorit\u00e9s","author":"trasporti","date":"16\/06\/2026","format":false,"excerpt":"Lo scorso 4 giugno, il Forte di Bard, in Valle d\u2019Aosta, ha ospitato la terza edizione del Comitato di Cooperazione Frontaliera Italia-Francia, organo istituito nell\u2019ambito del Trattato del Quirinale. Presieduto dai ministri degli Affari esteri francese e italiano, Jean-No\u00ebl Barrot e Antonio Tajani, l\u2019incontro ha riunito rappresentanti politici, rappresentanti di\u2026","rel":"","context":"Article similaire","block_context":{"text":"Article similaire","link":""},"img":{"alt_text":"","src":"https:\/\/i0.wp.com\/transalpi.eu\/wp-content\/uploads\/2026\/06\/comite_cooperatrion_frontaliere_fr_it.png?fit=1200%2C800&ssl=1&resize=350%2C200","width":350,"height":200,"srcset":"https:\/\/i0.wp.com\/transalpi.eu\/wp-content\/uploads\/2026\/06\/comite_cooperatrion_frontaliere_fr_it.png?fit=1200%2C800&ssl=1&resize=350%2C200 1x, https:\/\/i0.wp.com\/transalpi.eu\/wp-content\/uploads\/2026\/06\/comite_cooperatrion_frontaliere_fr_it.png?fit=1200%2C800&ssl=1&resize=525%2C300 1.5x, https:\/\/i0.wp.com\/transalpi.eu\/wp-content\/uploads\/2026\/06\/comite_cooperatrion_frontaliere_fr_it.png?fit=1200%2C800&ssl=1&resize=700%2C400 2x, https:\/\/i0.wp.com\/transalpi.eu\/wp-content\/uploads\/2026\/06\/comite_cooperatrion_frontaliere_fr_it.png?fit=1200%2C800&ssl=1&resize=1050%2C600 3x"},"classes":[]}],"jetpack_featured_media_url":"https:\/\/i0.wp.com\/transalpi.eu\/wp-content\/uploads\/2026\/07\/navette_andiamo.png?fit=1200%2C800&ssl=1","_links":{"self":[{"href":"https:\/\/transalpi.eu\/fr\/wp-json\/wp\/v2\/posts\/2086","targetHints":{"allow":["GET"]}}],"collection":[{"href":"https:\/\/transalpi.eu\/fr\/wp-json\/wp\/v2\/posts"}],"about":[{"href":"https:\/\/transalpi.eu\/fr\/wp-json\/wp\/v2\/types\/post"}],"author":[{"embeddable":true,"href":"https:\/\/transalpi.eu\/fr\/wp-json\/wp\/v2\/users\/276573831"}],"replies":[{"embeddable":true,"href":"https:\/\/transalpi.eu\/fr\/wp-json\/wp\/v2\/comments?post=2086"}],"version-history":[{"count":36,"href":"https:\/\/transalpi.eu\/fr\/wp-json\/wp\/v2\/posts\/2086\/revisions"}],"predecessor-version":[{"id":2277,"href":"https:\/\/transalpi.eu\/fr\/wp-json\/wp\/v2\/posts\/2086\/revisions\/2277"}],"wp:featuredmedia":[{"embeddable":true,"href":"https:\/\/transalpi.eu\/fr\/wp-json\/wp\/v2\/media\/2112"}],"wp:attachment":[{"href":"https:\/\/transalpi.eu\/fr\/wp-json\/wp\/v2\/media?parent=2086"}],"wp:term":[{"taxonomy":"category","embeddable":true,"href":"https:\/\/transalpi.eu\/fr\/wp-json\/wp\/v2\/categories?post=2086"},{"taxonomy":"post_tag","embeddable":true,"href":"https:\/\/transalpi.eu\/fr\/wp-json\/wp\/v2\/tags?post=2086"},{"taxonomy":"tag_","embeddable":true,"href":"https:\/\/transalpi.eu\/fr\/wp-json\/wp\/v2\/tag_?post=2086"}],"curies":[{"name":"wp","href":"https:\/\/api.w.org\/{rel}","templated":true}]}}