{"id":1956,"date":"2026-06-16T12:51:02","date_gmt":"2026-06-16T10:51:02","guid":{"rendered":"https:\/\/transalpi.eu\/?p=1956"},"modified":"2026-06-16T14:30:45","modified_gmt":"2026-06-16T12:30:45","slug":"3eme-comite-de-cooperation-frontaliere-italie-france-la-mobilite-au-centre-des-priorites","status":"publish","type":"post","link":"https:\/\/transalpi.eu\/fr\/3a-riunione-del-comitato-di-cooperazione-frontaliera-italia-francia-la-mobilita-al-centro-delle-priorita\/","title":{"rendered":"3\u00e8me Comit\u00e9 de coop\u00e9ration frontali\u00e8re franco-italien : la mobilit\u00e9 au c\u0153ur des priorit\u00e9s"},"content":{"rendered":"<div data-elementor-type=\"wp-post\" data-elementor-id=\"1956\" class=\"elementor elementor-1956\">\n\t\t\t\t<div class=\"elementor-element elementor-element-7f58680d e-flex e-con-boxed e-con e-parent\" data-id=\"7f58680d\" data-element_type=\"container\" data-e-type=\"container\">\n\t\t\t\t\t<div class=\"e-con-inner\">\n\t\t\t\t<div class=\"elementor-element elementor-element-3af78ad elementor-widget elementor-widget-image\" data-id=\"3af78ad\" data-element_type=\"widget\" data-e-type=\"widget\" data-widget_type=\"image.default\">\n\t\t\t\t\t\t\t\t\t\t\t\t\t\t\t<img fetchpriority=\"high\" decoding=\"async\" width=\"1200\" height=\"800\" src=\"https:\/\/i0.wp.com\/transalpi.eu\/wp-content\/uploads\/2026\/06\/comite_cooperatrion_frontaliere_fr_it.png?fit=1200%2C800&amp;ssl=1\" class=\"attachment-large size-large wp-image-1960\" alt=\"\" srcset=\"https:\/\/i0.wp.com\/transalpi.eu\/wp-content\/uploads\/2026\/06\/comite_cooperatrion_frontaliere_fr_it.png?w=1200&amp;ssl=1 1200w, https:\/\/i0.wp.com\/transalpi.eu\/wp-content\/uploads\/2026\/06\/comite_cooperatrion_frontaliere_fr_it.png?resize=300%2C200&amp;ssl=1 300w, https:\/\/i0.wp.com\/transalpi.eu\/wp-content\/uploads\/2026\/06\/comite_cooperatrion_frontaliere_fr_it.png?resize=150%2C100&amp;ssl=1 150w, https:\/\/i0.wp.com\/transalpi.eu\/wp-content\/uploads\/2026\/06\/comite_cooperatrion_frontaliere_fr_it.png?resize=768%2C512&amp;ssl=1 768w, https:\/\/i0.wp.com\/transalpi.eu\/wp-content\/uploads\/2026\/06\/comite_cooperatrion_frontaliere_fr_it.png?resize=18%2C12&amp;ssl=1 18w\" sizes=\"(max-width: 1000px) 100vw, 1000px\" data-attachment-id=\"1960\" data-permalink=\"https:\/\/transalpi.eu\/fr\/3a-riunione-del-comitato-di-cooperazione-frontaliera-italia-francia-la-mobilita-al-centro-delle-priorita\/comite_cooperatrion_frontaliere_fr_it\/\" data-orig-file=\"https:\/\/i0.wp.com\/transalpi.eu\/wp-content\/uploads\/2026\/06\/comite_cooperatrion_frontaliere_fr_it.png?fit=1200%2C800&amp;ssl=1\" data-orig-size=\"1200,800\" data-comments-opened=\"1\" data-image-meta=\"{&quot;aperture&quot;:&quot;0&quot;,&quot;credit&quot;:&quot;&quot;,&quot;camera&quot;:&quot;&quot;,&quot;caption&quot;:&quot;&quot;,&quot;created_timestamp&quot;:&quot;0&quot;,&quot;copyright&quot;:&quot;&quot;,&quot;focal_length&quot;:&quot;0&quot;,&quot;iso&quot;:&quot;0&quot;,&quot;shutter_speed&quot;:&quot;0&quot;,&quot;title&quot;:&quot;&quot;,&quot;orientation&quot;:&quot;0&quot;,&quot;alt&quot;:&quot;&quot;}\" data-image-title=\"comite_cooperatrion_frontaliere_fr_it\" data-image-description=\"\" data-image-caption=\"\" data-large-file=\"https:\/\/i0.wp.com\/transalpi.eu\/wp-content\/uploads\/2026\/06\/comite_cooperatrion_frontaliere_fr_it.png?fit=1200%2C800&amp;ssl=1\" \/>\t\t\t\t\t\t\t\t\t\t\t\t\t\t\t<\/div>\n\t\t\t\t<div class=\"elementor-element elementor-element-1f2f9feb elementor-widget elementor-widget-text-editor\" data-id=\"1f2f9feb\" data-element_type=\"widget\" data-e-type=\"widget\" data-widget_type=\"text-editor.default\">\n\t\t\t\t\t\t\t\t\t<p><span data-contrast=\"auto\">Le 4 juin dernier, le Fort de Bard, en Vall\u00e9e d\u2019Aoste, a accueilli la troisi\u00e8me \u00e9dition du Comit\u00e9 de coop\u00e9ration frontali\u00e8re franco-italien, instance cr\u00e9\u00e9e dans le cadre du Trait\u00e9 du Quirinal. Pr\u00e9sid\u00e9e par les ministres des Affaires \u00e9trang\u00e8res fran\u00e7ais et italien, Jean-No\u00ebl Barrot et Antonio Tajani, cette rencontre a r\u00e9uni \u00e9lus, repr\u00e9sentants de collectivit\u00e9s territoriales, services de l\u2019\u00c9tat, acteurs de la coop\u00e9ration transfrontali\u00e8re et experts techniques.<\/span><span data-ccp-props=\"{&quot;335551550&quot;:6,&quot;335551620&quot;:6}\">\u00a0<\/span><\/p><p><span data-contrast=\"auto\">V\u00e9ritable espace de dialogue entre les deux pays, le Comit\u00e9 a pour objectif de renforcer la coordination des politiques publiques dans les zones frontali\u00e8res et d\u2019accompagner la mise en \u0153uvre concr\u00e8te du Trait\u00e9 du Quirinal. Apr\u00e8s une matin\u00e9e consacr\u00e9e aux \u00e9changes techniques, les repr\u00e9sentants des territoires ont pu pr\u00e9senter leurs priorit\u00e9s lors d\u2019une s\u00e9quence politique d\u00e9di\u00e9e.<\/span><span data-ccp-props=\"{&quot;335551550&quot;:6,&quot;335551620&quot;:6}\">\u00a0<\/span><\/p><h3><b><span data-contrast=\"auto\">Des transports plus que jamais au centre des discussions<\/span><\/b><span data-ccp-props=\"{&quot;335551550&quot;:6,&quot;335551620&quot;:6}\">\u00a0<\/span><\/h3><p><span data-contrast=\"auto\">Cette troisi\u00e8me \u00e9dition a confirm\u00e9 l\u2019importance strat\u00e9gique des questions de mobilit\u00e9 pour les territoires franco-italiens. Les transports ont occup\u00e9 une place centrale dans les d\u00e9bats, refl\u00e9tant les attentes des habitants et des collectivit\u00e9s en mati\u00e8re de d\u00e9placements transfrontaliers.<\/span><span data-ccp-props=\"{&quot;335551550&quot;:6,&quot;335551620&quot;:6}\">\u00a0<\/span><\/p><p><span data-contrast=\"auto\">Parmi les sujets abord\u00e9s figuraient notamment les avanc\u00e9es du projet ferroviaire Lyon-Turin et <span style=\"text-decoration: underline;\"><strong><a href=\"https:\/\/transalpi.eu\/fr\/publication-de-letude-sur-la-ligne-lyon-turin-lavenir-de-la-mobilite-dans-les-territoires-de-la-maurienne-du-val-de-suse-et-du-grand-brianconnais\/\" target=\"_blank\" rel=\"noopener\">l'\u00e9tude TELT<\/a><\/strong><\/span><\/span><span data-contrast=\"auto\">, ainsi que la <strong><span style=\"text-decoration: underline;\"><a href=\"https:\/\/transalpi.eu\/fr\/la-france-ratifie-la-convention-ferroviaire-coni-breil-vintimille\/\" target=\"_blank\" rel=\"noopener\">r\u00e9cente ratification de la convention relative \u00e0 l\u2019exploitation de la ligne ferroviaire Coni\u2013Breil\u2013Vintimille<\/a><\/span><\/strong><\/span><span data-contrast=\"auto\">. Les \u00e9changes ont \u00e9galement port\u00e9 sur les grands axes routiers alpins, les cols frontaliers et les infrastructures autorouti\u00e8res, y compris la r\u00e9ouverture avec des horaires adapt\u00e9s en raison des travaux fin 2025 du tunnel de Tende, et qui jouent un r\u00f4le essentiel dans les \u00e9changes entre la France, l\u2019Italie et l\u2019ensemble de l\u2019Europe. Les services de navettes transfrontali\u00e8res ont \u00e9galement \u00e9t\u00e9 \u00e9voqu\u00e9s, avec un int\u00e9r\u00eat particulier pour les liaisons routi\u00e8res existantes et les services actuellement \u00e0 l\u2019\u00e9tude ou en cours d\u2019\u00e9laboration. <\/span><span data-ccp-props=\"{&quot;335551550&quot;:6,&quot;335551620&quot;:6}\">\u00a0<\/span><\/p><p><span data-contrast=\"auto\">Dans ce contexte, le projet Alcotrait\u00e9 2 Transports, dans le cadre duquel le hub TransAlpi est d\u00e9velopp\u00e9, a \u00e9t\u00e9 identifi\u00e9 comme un outil important pour am\u00e9liorer l'information, la coordination et l'accessibilit\u00e9 des solutions de mobilit\u00e9 des deux c\u00f4t\u00e9s de la fronti\u00e8re.<\/span><span data-ccp-props=\"{&quot;335551550&quot;:6,&quot;335551620&quot;:6}\">\u00a0<\/span><\/p><h3>Transformer le dialogue en solutions concr\u00e8tes pour les habitants de l\u2019espace transfrontalier<\/h3><p><span data-contrast=\"auto\">\u00c0 travers ce Comit\u00e9 de coop\u00e9ration frontali\u00e8re, la France et l\u2019Italie poursuivent la construction d\u2019une vision commune pour leurs territoires frontaliers. En favorisant le dialogue entre les diff\u00e9rents acteurs concern\u00e9s, cette instance contribue \u00e0 faire \u00e9merger des solutions concr\u00e8tes pour faciliter les d\u00e9placements, renforcer les connexions entre les territoires et r\u00e9pondre aux d\u00e9fis de la mobilit\u00e9 transfrontali\u00e8re.<\/span><span data-ccp-props=\"{&quot;335551550&quot;:6,&quot;335551620&quot;:6}\">\u00a0<\/span><\/p><p><span data-contrast=\"auto\">Pour\u00a0<span style=\"text-decoration: underline;\"><strong><a href=\"https:\/\/transalpi.eu\/fr\/\" target=\"_blank\" rel=\"noopener\">TransAlpi<\/a><\/strong><\/span>, ces \u00e9changes confirment la n\u00e9cessit\u00e9 de d\u00e9velopper des outils et des services permettant aux usagers de mieux conna\u00eetre et utiliser les offres de transport disponibles entre la France et l\u2019Italie, au b\u00e9n\u00e9fice d\u2019une mobilit\u00e9 plus simple, plus durable et mieux int\u00e9gr\u00e9e \u00e0 l\u2019\u00e9chelle alpine.<\/span><span data-ccp-props=\"{&quot;335551550&quot;:6,&quot;335551620&quot;:6}\">\u00a0<\/span><\/p>\t\t\t\t\t\t\t\t<\/div>\n\t\t\t\t\t<\/div>\n\t\t\t\t<\/div>\n\t\t<div class=\"elementor-element elementor-element-0248a0e e-flex e-con-boxed e-con e-parent\" data-id=\"0248a0e\" data-element_type=\"container\" data-e-type=\"container\">\n\t\t\t\t\t<div class=\"e-con-inner\">\n\t\t\t\t<div class=\"elementor-element elementor-element-41dbb20 elementor-widget elementor-widget-image-gallery\" data-id=\"41dbb20\" data-element_type=\"widget\" data-e-type=\"widget\" data-widget_type=\"image-gallery.default\">\n\t\t\t\t\t\t\t<div class=\"elementor-image-gallery\">\n\t\t\t<div data-carousel-extra='{&quot;blog_id&quot;:1,&quot;permalink&quot;:&quot;https:\/\/transalpi.eu\/fr\/3a-riunione-del-comitato-di-cooperazione-frontaliera-italia-francia-la-mobilita-al-centro-delle-priorita\/&quot;}' id='gallery-1' class='gallery galleryid-1956 gallery-columns-3 gallery-size-medium_large'><figure class='gallery-item'>\n\t\t\t<div class='gallery-icon portrait'>\n\t\t\t\t<a data-elementor-open-lightbox=\"yes\" data-elementor-lightbox-slideshow=\"41dbb20\" data-elementor-lightbox-title=\"CCF_8\" data-e-action-hash=\"#elementor-action%3Aaction%3Dlightbox%26settings%3DeyJpZCI6MTk3MSwidXJsIjoiaHR0cHM6XC9cL3RyYW5zYWxwaS5ldVwvd3AtY29udGVudFwvdXBsb2Fkc1wvMjAyNlwvMDZcL0NDRl84LnBuZyIsInNsaWRlc2hvdyI6IjQxZGJiMjAifQ%3D%3D\" href=\"https:\/\/i0.wp.com\/transalpi.eu\/wp-content\/uploads\/2026\/06\/CCF_8.png?ssl=1\"><img decoding=\"async\" width=\"768\" height=\"1024\" src=\"https:\/\/i0.wp.com\/transalpi.eu\/wp-content\/uploads\/2026\/06\/CCF_8.png?fit=768%2C1024&amp;ssl=1\" class=\"attachment-medium_large size-medium_large\" alt=\"\" srcset=\"https:\/\/i0.wp.com\/transalpi.eu\/wp-content\/uploads\/2026\/06\/CCF_8.png?w=1200&amp;ssl=1 1200w, https:\/\/i0.wp.com\/transalpi.eu\/wp-content\/uploads\/2026\/06\/CCF_8.png?resize=225%2C300&amp;ssl=1 225w, https:\/\/i0.wp.com\/transalpi.eu\/wp-content\/uploads\/2026\/06\/CCF_8.png?resize=113%2C150&amp;ssl=1 113w, https:\/\/i0.wp.com\/transalpi.eu\/wp-content\/uploads\/2026\/06\/CCF_8.png?resize=768%2C1024&amp;ssl=1 768w, https:\/\/i0.wp.com\/transalpi.eu\/wp-content\/uploads\/2026\/06\/CCF_8.png?resize=1152%2C1536&amp;ssl=1 1152w, https:\/\/i0.wp.com\/transalpi.eu\/wp-content\/uploads\/2026\/06\/CCF_8.png?resize=9%2C12&amp;ssl=1 9w\" sizes=\"(max-width: 768px) 100vw, 768px\" data-attachment-id=\"1971\" data-permalink=\"https:\/\/transalpi.eu\/fr\/3a-riunione-del-comitato-di-cooperazione-frontaliera-italia-francia-la-mobilita-al-centro-delle-priorita\/ccf_8\/\" data-orig-file=\"https:\/\/i0.wp.com\/transalpi.eu\/wp-content\/uploads\/2026\/06\/CCF_8.png?fit=1200%2C1600&amp;ssl=1\" data-orig-size=\"1200,1600\" data-comments-opened=\"1\" data-image-meta=\"{&quot;aperture&quot;:&quot;0&quot;,&quot;credit&quot;:&quot;&quot;,&quot;camera&quot;:&quot;&quot;,&quot;caption&quot;:&quot;&quot;,&quot;created_timestamp&quot;:&quot;0&quot;,&quot;copyright&quot;:&quot;&quot;,&quot;focal_length&quot;:&quot;0&quot;,&quot;iso&quot;:&quot;0&quot;,&quot;shutter_speed&quot;:&quot;0&quot;,&quot;title&quot;:&quot;&quot;,&quot;orientation&quot;:&quot;0&quot;,&quot;alt&quot;:&quot;&quot;}\" data-image-title=\"CCF_8\" data-image-description=\"\" data-image-caption=\"\" data-large-file=\"https:\/\/i0.wp.com\/transalpi.eu\/wp-content\/uploads\/2026\/06\/CCF_8.png?fit=1200%2C1600&amp;ssl=1\" \/><\/a>\n\t\t\t<\/div><\/figure><figure class='gallery-item'>\n\t\t\t<div class='gallery-icon portrait'>\n\t\t\t\t<a data-elementor-open-lightbox=\"yes\" data-elementor-lightbox-slideshow=\"41dbb20\" data-elementor-lightbox-title=\"CCF_4\" data-e-action-hash=\"#elementor-action%3Aaction%3Dlightbox%26settings%3DeyJpZCI6MTk2NiwidXJsIjoiaHR0cHM6XC9cL3RyYW5zYWxwaS5ldVwvd3AtY29udGVudFwvdXBsb2Fkc1wvMjAyNlwvMDZcL0NDRl80LmpwZyIsInNsaWRlc2hvdyI6IjQxZGJiMjAifQ%3D%3D\" href=\"https:\/\/i0.wp.com\/transalpi.eu\/wp-content\/uploads\/2026\/06\/CCF_4.jpg?ssl=1\"><img decoding=\"async\" width=\"768\" height=\"1024\" src=\"https:\/\/i0.wp.com\/transalpi.eu\/wp-content\/uploads\/2026\/06\/CCF_4.jpg?fit=768%2C1024&amp;ssl=1\" class=\"attachment-medium_large size-medium_large\" alt=\"\" srcset=\"https:\/\/i0.wp.com\/transalpi.eu\/wp-content\/uploads\/2026\/06\/CCF_4.jpg?w=1200&amp;ssl=1 1200w, https:\/\/i0.wp.com\/transalpi.eu\/wp-content\/uploads\/2026\/06\/CCF_4.jpg?resize=225%2C300&amp;ssl=1 225w, https:\/\/i0.wp.com\/transalpi.eu\/wp-content\/uploads\/2026\/06\/CCF_4.jpg?resize=113%2C150&amp;ssl=1 113w, https:\/\/i0.wp.com\/transalpi.eu\/wp-content\/uploads\/2026\/06\/CCF_4.jpg?resize=768%2C1024&amp;ssl=1 768w, https:\/\/i0.wp.com\/transalpi.eu\/wp-content\/uploads\/2026\/06\/CCF_4.jpg?resize=1152%2C1536&amp;ssl=1 1152w, https:\/\/i0.wp.com\/transalpi.eu\/wp-content\/uploads\/2026\/06\/CCF_4.jpg?resize=9%2C12&amp;ssl=1 9w\" sizes=\"(max-width: 768px) 100vw, 768px\" data-attachment-id=\"1966\" data-permalink=\"https:\/\/transalpi.eu\/fr\/3a-riunione-del-comitato-di-cooperazione-frontaliera-italia-francia-la-mobilita-al-centro-delle-priorita\/ccf_4\/\" data-orig-file=\"https:\/\/i0.wp.com\/transalpi.eu\/wp-content\/uploads\/2026\/06\/CCF_4.jpg?fit=1200%2C1600&amp;ssl=1\" data-orig-size=\"1200,1600\" data-comments-opened=\"1\" data-image-meta=\"{&quot;aperture&quot;:&quot;0&quot;,&quot;credit&quot;:&quot;&quot;,&quot;camera&quot;:&quot;&quot;,&quot;caption&quot;:&quot;&quot;,&quot;created_timestamp&quot;:&quot;0&quot;,&quot;copyright&quot;:&quot;&quot;,&quot;focal_length&quot;:&quot;0&quot;,&quot;iso&quot;:&quot;0&quot;,&quot;shutter_speed&quot;:&quot;0&quot;,&quot;title&quot;:&quot;&quot;,&quot;orientation&quot;:&quot;0&quot;,&quot;alt&quot;:&quot;&quot;}\" data-image-title=\"CCF_4\" data-image-description=\"\" data-image-caption=\"\" data-large-file=\"https:\/\/i0.wp.com\/transalpi.eu\/wp-content\/uploads\/2026\/06\/CCF_4.jpg?fit=1200%2C1600&amp;ssl=1\" \/><\/a>\n\t\t\t<\/div><\/figure><figure class='gallery-item'>\n\t\t\t<div class='gallery-icon portrait'>\n\t\t\t\t<a data-elementor-open-lightbox=\"yes\" data-elementor-lightbox-slideshow=\"41dbb20\" data-elementor-lightbox-title=\"CCF_2\" data-e-action-hash=\"#elementor-action%3Aaction%3Dlightbox%26settings%3DeyJpZCI6MTk2NSwidXJsIjoiaHR0cHM6XC9cL3RyYW5zYWxwaS5ldVwvd3AtY29udGVudFwvdXBsb2Fkc1wvMjAyNlwvMDZcL0NDRl8yLmpwZyIsInNsaWRlc2hvdyI6IjQxZGJiMjAifQ%3D%3D\" href=\"https:\/\/i0.wp.com\/transalpi.eu\/wp-content\/uploads\/2026\/06\/CCF_2.jpg?ssl=1\"><img loading=\"lazy\" decoding=\"async\" width=\"768\" height=\"1024\" src=\"https:\/\/i0.wp.com\/transalpi.eu\/wp-content\/uploads\/2026\/06\/CCF_2.jpg?fit=768%2C1024&amp;ssl=1\" class=\"attachment-medium_large size-medium_large\" alt=\"\" srcset=\"https:\/\/i0.wp.com\/transalpi.eu\/wp-content\/uploads\/2026\/06\/CCF_2.jpg?w=1198&amp;ssl=1 1198w, https:\/\/i0.wp.com\/transalpi.eu\/wp-content\/uploads\/2026\/06\/CCF_2.jpg?resize=225%2C300&amp;ssl=1 225w, https:\/\/i0.wp.com\/transalpi.eu\/wp-content\/uploads\/2026\/06\/CCF_2.jpg?resize=112%2C150&amp;ssl=1 112w, https:\/\/i0.wp.com\/transalpi.eu\/wp-content\/uploads\/2026\/06\/CCF_2.jpg?resize=768%2C1024&amp;ssl=1 768w, https:\/\/i0.wp.com\/transalpi.eu\/wp-content\/uploads\/2026\/06\/CCF_2.jpg?resize=1152%2C1536&amp;ssl=1 1152w, https:\/\/i0.wp.com\/transalpi.eu\/wp-content\/uploads\/2026\/06\/CCF_2.jpg?resize=9%2C12&amp;ssl=1 9w\" sizes=\"(max-width: 768px) 100vw, 768px\" data-attachment-id=\"1965\" data-permalink=\"https:\/\/transalpi.eu\/fr\/3a-riunione-del-comitato-di-cooperazione-frontaliera-italia-francia-la-mobilita-al-centro-delle-priorita\/ccf_2\/\" data-orig-file=\"https:\/\/i0.wp.com\/transalpi.eu\/wp-content\/uploads\/2026\/06\/CCF_2.jpg?fit=1198%2C1598&amp;ssl=1\" data-orig-size=\"1198,1598\" data-comments-opened=\"1\" data-image-meta=\"{&quot;aperture&quot;:&quot;0&quot;,&quot;credit&quot;:&quot;&quot;,&quot;camera&quot;:&quot;&quot;,&quot;caption&quot;:&quot;&quot;,&quot;created_timestamp&quot;:&quot;0&quot;,&quot;copyright&quot;:&quot;&quot;,&quot;focal_length&quot;:&quot;0&quot;,&quot;iso&quot;:&quot;0&quot;,&quot;shutter_speed&quot;:&quot;0&quot;,&quot;title&quot;:&quot;&quot;,&quot;orientation&quot;:&quot;0&quot;,&quot;alt&quot;:&quot;&quot;}\" data-image-title=\"CCF_2\" data-image-description=\"\" data-image-caption=\"\" data-large-file=\"https:\/\/i0.wp.com\/transalpi.eu\/wp-content\/uploads\/2026\/06\/CCF_2.jpg?fit=1198%2C1598&amp;ssl=1\" \/><\/a>\n\t\t\t<\/div><\/figure><figure class='gallery-item'>\n\t\t\t<div class='gallery-icon portrait'>\n\t\t\t\t<a data-elementor-open-lightbox=\"yes\" data-elementor-lightbox-slideshow=\"41dbb20\" data-elementor-lightbox-title=\"CCF_6\" data-e-action-hash=\"#elementor-action%3Aaction%3Dlightbox%26settings%3DeyJpZCI6MTk2MywidXJsIjoiaHR0cHM6XC9cL3RyYW5zYWxwaS5ldVwvd3AtY29udGVudFwvdXBsb2Fkc1wvMjAyNlwvMDZcL0NDRl82LmpwZyIsInNsaWRlc2hvdyI6IjQxZGJiMjAifQ%3D%3D\" href=\"https:\/\/i0.wp.com\/transalpi.eu\/wp-content\/uploads\/2026\/06\/CCF_6.jpg?ssl=1\"><img loading=\"lazy\" decoding=\"async\" width=\"768\" height=\"1024\" src=\"https:\/\/i0.wp.com\/transalpi.eu\/wp-content\/uploads\/2026\/06\/CCF_6.jpg?fit=768%2C1024&amp;ssl=1\" class=\"attachment-medium_large size-medium_large\" alt=\"\" srcset=\"https:\/\/i0.wp.com\/transalpi.eu\/wp-content\/uploads\/2026\/06\/CCF_6.jpg?w=1200&amp;ssl=1 1200w, https:\/\/i0.wp.com\/transalpi.eu\/wp-content\/uploads\/2026\/06\/CCF_6.jpg?resize=225%2C300&amp;ssl=1 225w, https:\/\/i0.wp.com\/transalpi.eu\/wp-content\/uploads\/2026\/06\/CCF_6.jpg?resize=113%2C150&amp;ssl=1 113w, https:\/\/i0.wp.com\/transalpi.eu\/wp-content\/uploads\/2026\/06\/CCF_6.jpg?resize=768%2C1024&amp;ssl=1 768w, https:\/\/i0.wp.com\/transalpi.eu\/wp-content\/uploads\/2026\/06\/CCF_6.jpg?resize=1152%2C1536&amp;ssl=1 1152w, https:\/\/i0.wp.com\/transalpi.eu\/wp-content\/uploads\/2026\/06\/CCF_6.jpg?resize=9%2C12&amp;ssl=1 9w\" sizes=\"(max-width: 768px) 100vw, 768px\" data-attachment-id=\"1963\" data-permalink=\"https:\/\/transalpi.eu\/fr\/3a-riunione-del-comitato-di-cooperazione-frontaliera-italia-francia-la-mobilita-al-centro-delle-priorita\/ccf_6\/\" data-orig-file=\"https:\/\/i0.wp.com\/transalpi.eu\/wp-content\/uploads\/2026\/06\/CCF_6.jpg?fit=1200%2C1600&amp;ssl=1\" data-orig-size=\"1200,1600\" data-comments-opened=\"1\" data-image-meta=\"{&quot;aperture&quot;:&quot;0&quot;,&quot;credit&quot;:&quot;&quot;,&quot;camera&quot;:&quot;&quot;,&quot;caption&quot;:&quot;&quot;,&quot;created_timestamp&quot;:&quot;0&quot;,&quot;copyright&quot;:&quot;&quot;,&quot;focal_length&quot;:&quot;0&quot;,&quot;iso&quot;:&quot;0&quot;,&quot;shutter_speed&quot;:&quot;0&quot;,&quot;title&quot;:&quot;&quot;,&quot;orientation&quot;:&quot;0&quot;,&quot;alt&quot;:&quot;&quot;}\" data-image-title=\"CCF_6\" data-image-description=\"\" data-image-caption=\"\" data-large-file=\"https:\/\/i0.wp.com\/transalpi.eu\/wp-content\/uploads\/2026\/06\/CCF_6.jpg?fit=1200%2C1600&amp;ssl=1\" \/><\/a>\n\t\t\t<\/div><\/figure><figure class='gallery-item'>\n\t\t\t<div class='gallery-icon portrait'>\n\t\t\t\t<a data-elementor-open-lightbox=\"yes\" data-elementor-lightbox-slideshow=\"41dbb20\" data-elementor-lightbox-title=\"CCF_9\" data-e-action-hash=\"#elementor-action%3Aaction%3Dlightbox%26settings%3DeyJpZCI6MTk3MCwidXJsIjoiaHR0cHM6XC9cL3RyYW5zYWxwaS5ldVwvd3AtY29udGVudFwvdXBsb2Fkc1wvMjAyNlwvMDZcL0NDRl85LnBuZyIsInNsaWRlc2hvdyI6IjQxZGJiMjAifQ%3D%3D\" href=\"https:\/\/i0.wp.com\/transalpi.eu\/wp-content\/uploads\/2026\/06\/CCF_9.png?ssl=1\"><img loading=\"lazy\" decoding=\"async\" width=\"768\" height=\"1024\" src=\"https:\/\/i0.wp.com\/transalpi.eu\/wp-content\/uploads\/2026\/06\/CCF_9.png?fit=768%2C1024&amp;ssl=1\" class=\"attachment-medium_large size-medium_large\" alt=\"\" srcset=\"https:\/\/i0.wp.com\/transalpi.eu\/wp-content\/uploads\/2026\/06\/CCF_9.png?w=1200&amp;ssl=1 1200w, https:\/\/i0.wp.com\/transalpi.eu\/wp-content\/uploads\/2026\/06\/CCF_9.png?resize=225%2C300&amp;ssl=1 225w, https:\/\/i0.wp.com\/transalpi.eu\/wp-content\/uploads\/2026\/06\/CCF_9.png?resize=113%2C150&amp;ssl=1 113w, https:\/\/i0.wp.com\/transalpi.eu\/wp-content\/uploads\/2026\/06\/CCF_9.png?resize=768%2C1024&amp;ssl=1 768w, https:\/\/i0.wp.com\/transalpi.eu\/wp-content\/uploads\/2026\/06\/CCF_9.png?resize=1152%2C1536&amp;ssl=1 1152w, https:\/\/i0.wp.com\/transalpi.eu\/wp-content\/uploads\/2026\/06\/CCF_9.png?resize=9%2C12&amp;ssl=1 9w\" sizes=\"(max-width: 768px) 100vw, 768px\" data-attachment-id=\"1970\" data-permalink=\"https:\/\/transalpi.eu\/fr\/3a-riunione-del-comitato-di-cooperazione-frontaliera-italia-francia-la-mobilita-al-centro-delle-priorita\/ccf_9\/\" data-orig-file=\"https:\/\/i0.wp.com\/transalpi.eu\/wp-content\/uploads\/2026\/06\/CCF_9.png?fit=1200%2C1600&amp;ssl=1\" data-orig-size=\"1200,1600\" data-comments-opened=\"1\" data-image-meta=\"{&quot;aperture&quot;:&quot;0&quot;,&quot;credit&quot;:&quot;&quot;,&quot;camera&quot;:&quot;&quot;,&quot;caption&quot;:&quot;&quot;,&quot;created_timestamp&quot;:&quot;0&quot;,&quot;copyright&quot;:&quot;&quot;,&quot;focal_length&quot;:&quot;0&quot;,&quot;iso&quot;:&quot;0&quot;,&quot;shutter_speed&quot;:&quot;0&quot;,&quot;title&quot;:&quot;&quot;,&quot;orientation&quot;:&quot;0&quot;,&quot;alt&quot;:&quot;&quot;}\" data-image-title=\"CCF_9\" data-image-description=\"\" data-image-caption=\"\" data-large-file=\"https:\/\/i0.wp.com\/transalpi.eu\/wp-content\/uploads\/2026\/06\/CCF_9.png?fit=1200%2C1600&amp;ssl=1\" \/><\/a>\n\t\t\t<\/div><\/figure><figure class='gallery-item'>\n\t\t\t<div class='gallery-icon portrait'>\n\t\t\t\t<a data-elementor-open-lightbox=\"yes\" data-elementor-lightbox-slideshow=\"41dbb20\" data-elementor-lightbox-title=\"CCF_7\" data-e-action-hash=\"#elementor-action%3Aaction%3Dlightbox%26settings%3DeyJpZCI6MTk2MiwidXJsIjoiaHR0cHM6XC9cL3RyYW5zYWxwaS5ldVwvd3AtY29udGVudFwvdXBsb2Fkc1wvMjAyNlwvMDZcL0NDRl83LmpwZyIsInNsaWRlc2hvdyI6IjQxZGJiMjAifQ%3D%3D\" href=\"https:\/\/i0.wp.com\/transalpi.eu\/wp-content\/uploads\/2026\/06\/CCF_7.jpg?ssl=1\"><img loading=\"lazy\" decoding=\"async\" width=\"768\" height=\"1024\" src=\"https:\/\/i0.wp.com\/transalpi.eu\/wp-content\/uploads\/2026\/06\/CCF_7.jpg?fit=768%2C1024&amp;ssl=1\" class=\"attachment-medium_large size-medium_large\" alt=\"\" srcset=\"https:\/\/i0.wp.com\/transalpi.eu\/wp-content\/uploads\/2026\/06\/CCF_7.jpg?w=1200&amp;ssl=1 1200w, https:\/\/i0.wp.com\/transalpi.eu\/wp-content\/uploads\/2026\/06\/CCF_7.jpg?resize=225%2C300&amp;ssl=1 225w, https:\/\/i0.wp.com\/transalpi.eu\/wp-content\/uploads\/2026\/06\/CCF_7.jpg?resize=113%2C150&amp;ssl=1 113w, https:\/\/i0.wp.com\/transalpi.eu\/wp-content\/uploads\/2026\/06\/CCF_7.jpg?resize=768%2C1024&amp;ssl=1 768w, https:\/\/i0.wp.com\/transalpi.eu\/wp-content\/uploads\/2026\/06\/CCF_7.jpg?resize=1152%2C1536&amp;ssl=1 1152w, https:\/\/i0.wp.com\/transalpi.eu\/wp-content\/uploads\/2026\/06\/CCF_7.jpg?resize=9%2C12&amp;ssl=1 9w\" sizes=\"(max-width: 768px) 100vw, 768px\" data-attachment-id=\"1962\" data-permalink=\"https:\/\/transalpi.eu\/fr\/3a-riunione-del-comitato-di-cooperazione-frontaliera-italia-francia-la-mobilita-al-centro-delle-priorita\/ccf_7\/\" data-orig-file=\"https:\/\/i0.wp.com\/transalpi.eu\/wp-content\/uploads\/2026\/06\/CCF_7.jpg?fit=1200%2C1600&amp;ssl=1\" data-orig-size=\"1200,1600\" data-comments-opened=\"1\" data-image-meta=\"{&quot;aperture&quot;:&quot;0&quot;,&quot;credit&quot;:&quot;&quot;,&quot;camera&quot;:&quot;&quot;,&quot;caption&quot;:&quot;&quot;,&quot;created_timestamp&quot;:&quot;0&quot;,&quot;copyright&quot;:&quot;&quot;,&quot;focal_length&quot;:&quot;0&quot;,&quot;iso&quot;:&quot;0&quot;,&quot;shutter_speed&quot;:&quot;0&quot;,&quot;title&quot;:&quot;&quot;,&quot;orientation&quot;:&quot;0&quot;,&quot;alt&quot;:&quot;&quot;}\" data-image-title=\"CCF_7\" data-image-description=\"\" data-image-caption=\"\" data-large-file=\"https:\/\/i0.wp.com\/transalpi.eu\/wp-content\/uploads\/2026\/06\/CCF_7.jpg?fit=1200%2C1600&amp;ssl=1\" \/><\/a>\n\t\t\t<\/div><\/figure>\n\t\t<\/div>\n\t\t<\/div>\n\t\t\t\t\t\t<\/div>\n\t\t\t\t\t<\/div>\n\t\t\t\t<\/div>\n\t\t\t\t<\/div>","protected":false},"excerpt":{"rendered":"<p>Lo scorso 4 giugno, il Forte di Bard, in Valle d\u2019Aosta, ha ospitato la terza edizione del Comitato di Cooperazione Frontaliera Italia-Francia, organo istituito nell\u2019ambito del Trattato del Quirinale. Presieduto dai ministri degli Affari esteri francese e italiano, Jean-No\u00ebl Barrot e Antonio Tajani, l\u2019incontro ha riunito rappresentanti politici, rappresentanti di enti territoriali, servizi statali, attori [&hellip;]<\/p>\n","protected":false},"author":276573831,"featured_media":1960,"comment_status":"open","ping_status":"open","sticky":false,"template":"","format":"standard","meta":{"_acf_changed":false,"_jetpack_newsletter_access":"","_jetpack_dont_email_post_to_subs":false,"_jetpack_newsletter_tier_id":0,"_jetpack_memberships_contains_paywalled_content":false,"_wpcom_ai_launchpad_first_post":false,"_jetpack_feature_clip_id":0,"_jetpack_memberships_contains_paid_content":false,"footnotes":"","jetpack_publicize_message":"{title}\n\n{excerpt}\n\n{url}","jetpack_publicize_feature_enabled":true,"jetpack_social_post_already_shared":true,"jetpack_social_options":{"image_generator_settings":{"template":"highway","default_image_id":0,"font":"","enabled":false},"version":2},"_wpas_customize_per_network":false,"jetpack_post_was_ever_published":false},"categories":[1],"tags":[],"tag_":[1405,1446,1429],"class_list":["post-1956","post","type-post","status-publish","format-standard","has-post-thumbnail","hentry","category-uncategorized","tag_-alcotraite-2-trasporti","tag_-trattato-del-quirinale","tag_-valle-aosta"],"acf":[],"yoast_head":"<!-- This site is optimized with the Yoast SEO plugin v28.4 - https:\/\/yoast.com\/product\/yoast-seo-wordpress\/ -->\n<title>3a riunione del Comitato di Cooperazione Frontaliera Italia-Francia: la mobilit\u00e0 al centro delle priorit\u00e0 | TransAlpi<\/title>\n<meta name=\"robots\" content=\"index, follow, max-snippet:-1, max-image-preview:large, max-video-preview:-1\" \/>\n<link rel=\"canonical\" href=\"https:\/\/transalpi.eu\/fr\/3eme-comite-de-cooperation-frontaliere-italie-france-la-mobilite-au-centre-des-priorites\/\" \/>\n<meta property=\"og:locale\" content=\"fr_FR\" \/>\n<meta property=\"og:type\" content=\"article\" \/>\n<meta property=\"og:title\" content=\"3a riunione del Comitato di Cooperazione Frontaliera Italia-Francia: la mobilit\u00e0 al centro delle priorit\u00e0 | TransAlpi\" \/>\n<meta property=\"og:description\" content=\"Lo scorso 4 giugno, il Forte di Bard, in Valle d\u2019Aosta, ha ospitato la terza edizione del Comitato di Cooperazione Frontaliera Italia-Francia, organo istituito nell\u2019ambito del Trattato del Quirinale. Presieduto dai ministri degli Affari esteri francese e italiano, Jean-No\u00ebl Barrot e Antonio Tajani, l\u2019incontro ha riunito rappresentanti politici, rappresentanti di enti territoriali, servizi statali, attori [&hellip;]\" \/>\n<meta property=\"og:url\" content=\"https:\/\/transalpi.eu\/fr\/3eme-comite-de-cooperation-frontaliere-italie-france-la-mobilite-au-centre-des-priorites\/\" \/>\n<meta property=\"og:site_name\" content=\"TransAlpi\" \/>\n<meta property=\"article:published_time\" content=\"2026-06-16T10:51:02+00:00\" \/>\n<meta property=\"article:modified_time\" content=\"2026-06-16T12:30:45+00:00\" \/>\n<meta property=\"og:image\" content=\"https:\/\/transalpi.eu\/wp-content\/uploads\/2026\/06\/comite_cooperatrion_frontaliere_fr_it.png\" \/>\n\t<meta property=\"og:image:width\" content=\"1200\" \/>\n\t<meta property=\"og:image:height\" content=\"800\" \/>\n\t<meta property=\"og:image:type\" content=\"image\/png\" \/>\n<meta name=\"author\" content=\"trasporti\" \/>\n<meta name=\"twitter:card\" content=\"summary_large_image\" \/>\n<meta name=\"twitter:label1\" content=\"\u00c9crit par\" \/>\n\t<meta name=\"twitter:data1\" content=\"trasporti\" \/>\n\t<meta name=\"twitter:label2\" content=\"Dur\u00e9e de lecture estim\u00e9e\" \/>\n\t<meta name=\"twitter:data2\" content=\"4 minutes\" \/>\n<script type=\"application\/ld+json\" class=\"yoast-schema-graph\">{\"@context\":\"https:\\\/\\\/schema.org\",\"@graph\":[{\"@type\":\"Article\",\"@id\":\"https:\\\/\\\/transalpi.eu\\\/3a-riunione-del-comitato-di-cooperazione-frontaliera-italia-francia-la-mobilita-al-centro-delle-priorita\\\/#article\",\"isPartOf\":{\"@id\":\"https:\\\/\\\/transalpi.eu\\\/3a-riunione-del-comitato-di-cooperazione-frontaliera-italia-francia-la-mobilita-al-centro-delle-priorita\\\/\"},\"author\":{\"name\":\"trasporti\",\"@id\":\"https:\\\/\\\/transalpi.eu\\\/#\\\/schema\\\/person\\\/b20022112aa0c7e3356844441749d09e\"},\"headline\":\"3a riunione del Comitato di Cooperazione Frontaliera Italia-Francia: la mobilit\u00e0 al centro delle priorit\u00e0\",\"datePublished\":\"2026-06-16T10:51:02+00:00\",\"dateModified\":\"2026-06-16T12:30:45+00:00\",\"mainEntityOfPage\":{\"@id\":\"https:\\\/\\\/transalpi.eu\\\/3a-riunione-del-comitato-di-cooperazione-frontaliera-italia-francia-la-mobilita-al-centro-delle-priorita\\\/\"},\"wordCount\":453,\"commentCount\":0,\"publisher\":{\"@id\":\"https:\\\/\\\/transalpi.eu\\\/#organization\"},\"image\":{\"@id\":\"https:\\\/\\\/transalpi.eu\\\/3a-riunione-del-comitato-di-cooperazione-frontaliera-italia-francia-la-mobilita-al-centro-delle-priorita\\\/#primaryimage\"},\"thumbnailUrl\":\"https:\\\/\\\/i0.wp.com\\\/transalpi.eu\\\/wp-content\\\/uploads\\\/2026\\\/06\\\/comite_cooperatrion_frontaliere_fr_it.png?fit=1200%2C800&ssl=1\",\"articleSection\":[\"Uncategorized\"],\"inLanguage\":\"fr-FR\",\"potentialAction\":[{\"@type\":\"CommentAction\",\"name\":\"Comment\",\"target\":[\"https:\\\/\\\/transalpi.eu\\\/3a-riunione-del-comitato-di-cooperazione-frontaliera-italia-francia-la-mobilita-al-centro-delle-priorita\\\/#respond\"]}]},{\"@type\":\"WebPage\",\"@id\":\"https:\\\/\\\/transalpi.eu\\\/3a-riunione-del-comitato-di-cooperazione-frontaliera-italia-francia-la-mobilita-al-centro-delle-priorita\\\/\",\"url\":\"https:\\\/\\\/transalpi.eu\\\/3a-riunione-del-comitato-di-cooperazione-frontaliera-italia-francia-la-mobilita-al-centro-delle-priorita\\\/\",\"name\":\"3a riunione del Comitato di Cooperazione Frontaliera Italia-Francia: la mobilit\u00e0 al centro delle priorit\u00e0 | TransAlpi\",\"isPartOf\":{\"@id\":\"https:\\\/\\\/transalpi.eu\\\/#website\"},\"primaryImageOfPage\":{\"@id\":\"https:\\\/\\\/transalpi.eu\\\/3a-riunione-del-comitato-di-cooperazione-frontaliera-italia-francia-la-mobilita-al-centro-delle-priorita\\\/#primaryimage\"},\"image\":{\"@id\":\"https:\\\/\\\/transalpi.eu\\\/3a-riunione-del-comitato-di-cooperazione-frontaliera-italia-francia-la-mobilita-al-centro-delle-priorita\\\/#primaryimage\"},\"thumbnailUrl\":\"https:\\\/\\\/i0.wp.com\\\/transalpi.eu\\\/wp-content\\\/uploads\\\/2026\\\/06\\\/comite_cooperatrion_frontaliere_fr_it.png?fit=1200%2C800&ssl=1\",\"datePublished\":\"2026-06-16T10:51:02+00:00\",\"dateModified\":\"2026-06-16T12:30:45+00:00\",\"breadcrumb\":{\"@id\":\"https:\\\/\\\/transalpi.eu\\\/3a-riunione-del-comitato-di-cooperazione-frontaliera-italia-francia-la-mobilita-al-centro-delle-priorita\\\/#breadcrumb\"},\"inLanguage\":\"fr-FR\",\"potentialAction\":[{\"@type\":\"ReadAction\",\"target\":[\"https:\\\/\\\/transalpi.eu\\\/3a-riunione-del-comitato-di-cooperazione-frontaliera-italia-francia-la-mobilita-al-centro-delle-priorita\\\/\"]}]},{\"@type\":\"ImageObject\",\"inLanguage\":\"fr-FR\",\"@id\":\"https:\\\/\\\/transalpi.eu\\\/3a-riunione-del-comitato-di-cooperazione-frontaliera-italia-francia-la-mobilita-al-centro-delle-priorita\\\/#primaryimage\",\"url\":\"https:\\\/\\\/i0.wp.com\\\/transalpi.eu\\\/wp-content\\\/uploads\\\/2026\\\/06\\\/comite_cooperatrion_frontaliere_fr_it.png?fit=1200%2C800&ssl=1\",\"contentUrl\":\"https:\\\/\\\/i0.wp.com\\\/transalpi.eu\\\/wp-content\\\/uploads\\\/2026\\\/06\\\/comite_cooperatrion_frontaliere_fr_it.png?fit=1200%2C800&ssl=1\",\"width\":1200,\"height\":800},{\"@type\":\"BreadcrumbList\",\"@id\":\"https:\\\/\\\/transalpi.eu\\\/3a-riunione-del-comitato-di-cooperazione-frontaliera-italia-francia-la-mobilita-al-centro-delle-priorita\\\/#breadcrumb\",\"itemListElement\":[{\"@type\":\"ListItem\",\"position\":1,\"name\":\"Home\",\"item\":\"https:\\\/\\\/transalpi.eu\\\/\"},{\"@type\":\"ListItem\",\"position\":2,\"name\":\"3a riunione del Comitato di Cooperazione Frontaliera Italia-Francia: la mobilit\u00e0 al centro delle priorit\u00e0\"}]},{\"@type\":\"WebSite\",\"@id\":\"https:\\\/\\\/transalpi.eu\\\/#website\",\"url\":\"https:\\\/\\\/transalpi.eu\\\/\",\"name\":\"TransAlpi\",\"description\":\"Muoversi tra Italia e Francia\",\"publisher\":{\"@id\":\"https:\\\/\\\/transalpi.eu\\\/#organization\"},\"alternateName\":\"Transalpi\",\"potentialAction\":[{\"@type\":\"SearchAction\",\"target\":{\"@type\":\"EntryPoint\",\"urlTemplate\":\"https:\\\/\\\/transalpi.eu\\\/?s={search_term_string}\"},\"query-input\":{\"@type\":\"PropertyValueSpecification\",\"valueRequired\":true,\"valueName\":\"search_term_string\"}}],\"inLanguage\":\"fr-FR\"},{\"@type\":\"Organization\",\"@id\":\"https:\\\/\\\/transalpi.eu\\\/#organization\",\"name\":\"MOT (Mission Op\u00e9rationnelle Transfrontali\u00e8re)\",\"url\":\"https:\\\/\\\/transalpi.eu\\\/\",\"logo\":{\"@type\":\"ImageObject\",\"inLanguage\":\"fr-FR\",\"@id\":\"https:\\\/\\\/transalpi.eu\\\/#\\\/schema\\\/logo\\\/image\\\/\",\"url\":\"https:\\\/\\\/i0.wp.com\\\/transalpi.eu\\\/wp-content\\\/uploads\\\/2026\\\/02\\\/LOGO-TransAlpi-TRASPARENTE.png?fit=1831%2C414&ssl=1\",\"contentUrl\":\"https:\\\/\\\/i0.wp.com\\\/transalpi.eu\\\/wp-content\\\/uploads\\\/2026\\\/02\\\/LOGO-TransAlpi-TRASPARENTE.png?fit=1831%2C414&ssl=1\",\"width\":1831,\"height\":414,\"caption\":\"MOT (Mission Op\u00e9rationnelle Transfrontali\u00e8re)\"},\"image\":{\"@id\":\"https:\\\/\\\/transalpi.eu\\\/#\\\/schema\\\/logo\\\/image\\\/\"}},{\"@type\":\"Person\",\"@id\":\"https:\\\/\\\/transalpi.eu\\\/#\\\/schema\\\/person\\\/b20022112aa0c7e3356844441749d09e\",\"name\":\"trasporti\",\"image\":{\"@type\":\"ImageObject\",\"inLanguage\":\"fr-FR\",\"@id\":\"https:\\\/\\\/secure.gravatar.com\\\/avatar\\\/d07c8faf56cf74318207229b0d99ee7262c94be716370155b292c8335f305e54?s=96&d=identicon&r=g\",\"url\":\"https:\\\/\\\/secure.gravatar.com\\\/avatar\\\/d07c8faf56cf74318207229b0d99ee7262c94be716370155b292c8335f305e54?s=96&d=identicon&r=g\",\"contentUrl\":\"https:\\\/\\\/secure.gravatar.com\\\/avatar\\\/d07c8faf56cf74318207229b0d99ee7262c94be716370155b292c8335f305e54?s=96&d=identicon&r=g\",\"caption\":\"trasporti\"},\"sameAs\":[\"http:\\\/\\\/trasporti8c2ba0c0d1-qvscm.wordpress.com\"],\"url\":\"https:\\\/\\\/transalpi.eu\\\/fr\\\/author\\\/trasportifrit\\\/\"}]}<\/script>\n<!-- \/ Yoast SEO plugin. -->","yoast_head_json":{"title":"3\u00e8me Comit\u00e9 de coop\u00e9ration frontali\u00e8re franco-italien : la mobilit\u00e9 au c\u0153ur des priorit\u00e9s | TransAlpi","robots":{"index":"index","follow":"follow","max-snippet":"max-snippet:-1","max-image-preview":"max-image-preview:large","max-video-preview":"max-video-preview:-1"},"canonical":"https:\/\/transalpi.eu\/fr\/3eme-comite-de-cooperation-frontaliere-italie-france-la-mobilite-au-centre-des-priorites\/","og_locale":"fr_FR","og_type":"article","og_title":"3a riunione del Comitato di Cooperazione Frontaliera Italia-Francia: la mobilit\u00e0 al centro delle priorit\u00e0 | TransAlpi","og_description":"Lo scorso 4 giugno, il Forte di Bard, in Valle d\u2019Aosta, ha ospitato la terza edizione del Comitato di Cooperazione Frontaliera Italia-Francia, organo istituito nell\u2019ambito del Trattato del Quirinale. Presieduto dai ministri degli Affari esteri francese e italiano, Jean-No\u00ebl Barrot e Antonio Tajani, l\u2019incontro ha riunito rappresentanti politici, rappresentanti di enti territoriali, servizi statali, attori [&hellip;]","og_url":"https:\/\/transalpi.eu\/fr\/3eme-comite-de-cooperation-frontaliere-italie-france-la-mobilite-au-centre-des-priorites\/","og_site_name":"TransAlpi","article_published_time":"2026-06-16T10:51:02+00:00","article_modified_time":"2026-06-16T12:30:45+00:00","og_image":[{"width":1200,"height":800,"url":"https:\/\/transalpi.eu\/wp-content\/uploads\/2026\/06\/comite_cooperatrion_frontaliere_fr_it.png","type":"image\/png"}],"author":"trasporti","twitter_card":"summary_large_image","twitter_misc":{"\u00c9crit par":"trasporti","Dur\u00e9e de lecture estim\u00e9e":"4 minutes"},"schema":{"@context":"https:\/\/schema.org","@graph":[{"@type":"Article","@id":"https:\/\/transalpi.eu\/3a-riunione-del-comitato-di-cooperazione-frontaliera-italia-francia-la-mobilita-al-centro-delle-priorita\/#article","isPartOf":{"@id":"https:\/\/transalpi.eu\/3a-riunione-del-comitato-di-cooperazione-frontaliera-italia-francia-la-mobilita-al-centro-delle-priorita\/"},"author":{"name":"trasporti","@id":"https:\/\/transalpi.eu\/#\/schema\/person\/b20022112aa0c7e3356844441749d09e"},"headline":"3a riunione del Comitato di Cooperazione Frontaliera Italia-Francia: la mobilit\u00e0 al centro delle priorit\u00e0","datePublished":"2026-06-16T10:51:02+00:00","dateModified":"2026-06-16T12:30:45+00:00","mainEntityOfPage":{"@id":"https:\/\/transalpi.eu\/3a-riunione-del-comitato-di-cooperazione-frontaliera-italia-francia-la-mobilita-al-centro-delle-priorita\/"},"wordCount":453,"commentCount":0,"publisher":{"@id":"https:\/\/transalpi.eu\/#organization"},"image":{"@id":"https:\/\/transalpi.eu\/3a-riunione-del-comitato-di-cooperazione-frontaliera-italia-francia-la-mobilita-al-centro-delle-priorita\/#primaryimage"},"thumbnailUrl":"https:\/\/i0.wp.com\/transalpi.eu\/wp-content\/uploads\/2026\/06\/comite_cooperatrion_frontaliere_fr_it.png?fit=1200%2C800&ssl=1","articleSection":["Uncategorized"],"inLanguage":"fr-FR","potentialAction":[{"@type":"CommentAction","name":"Comment","target":["https:\/\/transalpi.eu\/3a-riunione-del-comitato-di-cooperazione-frontaliera-italia-francia-la-mobilita-al-centro-delle-priorita\/#respond"]}]},{"@type":"WebPage","@id":"https:\/\/transalpi.eu\/3a-riunione-del-comitato-di-cooperazione-frontaliera-italia-francia-la-mobilita-al-centro-delle-priorita\/","url":"https:\/\/transalpi.eu\/3a-riunione-del-comitato-di-cooperazione-frontaliera-italia-francia-la-mobilita-al-centro-delle-priorita\/","name":"3\u00e8me Comit\u00e9 de coop\u00e9ration frontali\u00e8re franco-italien : la mobilit\u00e9 au c\u0153ur des priorit\u00e9s | TransAlpi","isPartOf":{"@id":"https:\/\/transalpi.eu\/#website"},"primaryImageOfPage":{"@id":"https:\/\/transalpi.eu\/3a-riunione-del-comitato-di-cooperazione-frontaliera-italia-francia-la-mobilita-al-centro-delle-priorita\/#primaryimage"},"image":{"@id":"https:\/\/transalpi.eu\/3a-riunione-del-comitato-di-cooperazione-frontaliera-italia-francia-la-mobilita-al-centro-delle-priorita\/#primaryimage"},"thumbnailUrl":"https:\/\/i0.wp.com\/transalpi.eu\/wp-content\/uploads\/2026\/06\/comite_cooperatrion_frontaliere_fr_it.png?fit=1200%2C800&ssl=1","datePublished":"2026-06-16T10:51:02+00:00","dateModified":"2026-06-16T12:30:45+00:00","breadcrumb":{"@id":"https:\/\/transalpi.eu\/3a-riunione-del-comitato-di-cooperazione-frontaliera-italia-francia-la-mobilita-al-centro-delle-priorita\/#breadcrumb"},"inLanguage":"fr-FR","potentialAction":[{"@type":"ReadAction","target":["https:\/\/transalpi.eu\/3a-riunione-del-comitato-di-cooperazione-frontaliera-italia-francia-la-mobilita-al-centro-delle-priorita\/"]}]},{"@type":"ImageObject","inLanguage":"fr-FR","@id":"https:\/\/transalpi.eu\/3a-riunione-del-comitato-di-cooperazione-frontaliera-italia-francia-la-mobilita-al-centro-delle-priorita\/#primaryimage","url":"https:\/\/i0.wp.com\/transalpi.eu\/wp-content\/uploads\/2026\/06\/comite_cooperatrion_frontaliere_fr_it.png?fit=1200%2C800&ssl=1","contentUrl":"https:\/\/i0.wp.com\/transalpi.eu\/wp-content\/uploads\/2026\/06\/comite_cooperatrion_frontaliere_fr_it.png?fit=1200%2C800&ssl=1","width":1200,"height":800},{"@type":"BreadcrumbList","@id":"https:\/\/transalpi.eu\/3a-riunione-del-comitato-di-cooperazione-frontaliera-italia-francia-la-mobilita-al-centro-delle-priorita\/#breadcrumb","itemListElement":[{"@type":"ListItem","position":1,"name":"Home","item":"https:\/\/transalpi.eu\/"},{"@type":"ListItem","position":2,"name":"3a riunione del Comitato di Cooperazione Frontaliera Italia-Francia: la mobilit\u00e0 al centro delle priorit\u00e0"}]},{"@type":"WebSite","@id":"https:\/\/transalpi.eu\/#website","url":"https:\/\/transalpi.eu\/","name":"TransAlpi","description":"Se d\u00e9placer entre France et Italie","publisher":{"@id":"https:\/\/transalpi.eu\/#organization"},"alternateName":"Transalpi","potentialAction":[{"@type":"SearchAction","target":{"@type":"EntryPoint","urlTemplate":"https:\/\/transalpi.eu\/?s={search_term_string}"},"query-input":{"@type":"PropertyValueSpecification","valueRequired":true,"valueName":"search_term_string"}}],"inLanguage":"fr-FR"},{"@type":"Organization","@id":"https:\/\/transalpi.eu\/#organization","name":"MOT (Mission Op\u00e9rationnelle Transfrontali\u00e8re)","url":"https:\/\/transalpi.eu\/","logo":{"@type":"ImageObject","inLanguage":"fr-FR","@id":"https:\/\/transalpi.eu\/#\/schema\/logo\/image\/","url":"https:\/\/i0.wp.com\/transalpi.eu\/wp-content\/uploads\/2026\/02\/LOGO-TransAlpi-TRASPARENTE.png?fit=1831%2C414&ssl=1","contentUrl":"https:\/\/i0.wp.com\/transalpi.eu\/wp-content\/uploads\/2026\/02\/LOGO-TransAlpi-TRASPARENTE.png?fit=1831%2C414&ssl=1","width":1831,"height":414,"caption":"MOT (Mission Op\u00e9rationnelle Transfrontali\u00e8re)"},"image":{"@id":"https:\/\/transalpi.eu\/#\/schema\/logo\/image\/"}},{"@type":"Person","@id":"https:\/\/transalpi.eu\/#\/schema\/person\/b20022112aa0c7e3356844441749d09e","name":"trasporti","image":{"@type":"ImageObject","inLanguage":"fr-FR","@id":"https:\/\/secure.gravatar.com\/avatar\/d07c8faf56cf74318207229b0d99ee7262c94be716370155b292c8335f305e54?s=96&d=identicon&r=g","url":"https:\/\/secure.gravatar.com\/avatar\/d07c8faf56cf74318207229b0d99ee7262c94be716370155b292c8335f305e54?s=96&d=identicon&r=g","contentUrl":"https:\/\/secure.gravatar.com\/avatar\/d07c8faf56cf74318207229b0d99ee7262c94be716370155b292c8335f305e54?s=96&d=identicon&r=g","caption":"trasporti"},"sameAs":["http:\/\/trasporti8c2ba0c0d1-qvscm.wordpress.com"],"url":"https:\/\/transalpi.eu\/fr\/author\/trasportifrit\/"}]}},"jetpack_publicize_connections":[],"jetpack_likes_enabled":true,"jetpack_sharing_enabled":true,"jetpack_shortlink":"https:\/\/wp.me\/ph3GYt-vy","jetpack-related-posts":[{"id":1889,"url":"https:\/\/transalpi.eu\/fr\/transalpi-hub-della-mobilita-tra-litalia-e-la-francia-inaugurato-con-successo\/","url_meta":{"origin":1956,"position":0},"title":"TransAlpi, hub de la mobilit\u00e9 entre la France et l'Italie, inaugur\u00e9 avec succ\u00e8s","author":"trasporti","date":"03\/06\/2026","format":false,"excerpt":"Il 29 maggio circa una trentina di cittadini e attori della cooperazione transfrontaliera e della mobilit\u00e0 si sono riuniti per partecipare al webinar di lancio di\u00a0TransAlpi, il nuovo hub dedicato alla mobilit\u00e0 franco-italiana, realizzato nell'ambito del progetto\u00a0Alcotrait\u00e9\u00a02\u00a0Trasporti\u00a0(Interreg France-Italia ALCOTRA 2021-2027).\u00a0 L\u2019evento ha offerto l\u2019occasione per far conoscere questo strumento bilingue\u2026","rel":"","context":"Article similaire","block_context":{"text":"Article similaire","link":""},"img":{"alt_text":"","src":"https:\/\/i0.wp.com\/transalpi.eu\/wp-content\/uploads\/2026\/06\/Lancement_TransAlpi.png?fit=1200%2C800&ssl=1&resize=350%2C200","width":350,"height":200,"srcset":"https:\/\/i0.wp.com\/transalpi.eu\/wp-content\/uploads\/2026\/06\/Lancement_TransAlpi.png?fit=1200%2C800&ssl=1&resize=350%2C200 1x, https:\/\/i0.wp.com\/transalpi.eu\/wp-content\/uploads\/2026\/06\/Lancement_TransAlpi.png?fit=1200%2C800&ssl=1&resize=525%2C300 1.5x, https:\/\/i0.wp.com\/transalpi.eu\/wp-content\/uploads\/2026\/06\/Lancement_TransAlpi.png?fit=1200%2C800&ssl=1&resize=700%2C400 2x, https:\/\/i0.wp.com\/transalpi.eu\/wp-content\/uploads\/2026\/06\/Lancement_TransAlpi.png?fit=1200%2C800&ssl=1&resize=1050%2C600 3x"},"classes":[]},{"id":1514,"url":"https:\/\/transalpi.eu\/fr\/passi-alpini-annunciate-le-date-di-apertura\/","url_meta":{"origin":1956,"position":1},"title":"Cols alpins : les dates d\u2019ouverture sont annonc\u00e9es","author":"trasporti","date":"29\/04\/2026","format":false,"excerpt":"Dopo alcuni mesi di chiusura invernale, la maggior parte dei colli transfrontalieri tra la Francia e l\u2019Italia riaprono.\u00a0 Da ottobre ad aprile circa, quasi tutti i colli che permettono\u00a0il transito tra Italia e Francia\u00a0sono rimasti chiusi\u00a0durante i mesi invernali.\u00a0A questa \u201cregola\u201d fanno eccezione il Colle del Monginevro e quello della\u00a0Maddalena\u2026","rel":"","context":"Article similaire","block_context":{"text":"Article similaire","link":""},"img":{"alt_text":"","src":"https:\/\/i0.wp.com\/transalpi.eu\/wp-content\/uploads\/2026\/04\/passo_San_Bernardo.png?fit=1200%2C800&ssl=1&resize=350%2C200","width":350,"height":200,"srcset":"https:\/\/i0.wp.com\/transalpi.eu\/wp-content\/uploads\/2026\/04\/passo_San_Bernardo.png?fit=1200%2C800&ssl=1&resize=350%2C200 1x, https:\/\/i0.wp.com\/transalpi.eu\/wp-content\/uploads\/2026\/04\/passo_San_Bernardo.png?fit=1200%2C800&ssl=1&resize=525%2C300 1.5x, https:\/\/i0.wp.com\/transalpi.eu\/wp-content\/uploads\/2026\/04\/passo_San_Bernardo.png?fit=1200%2C800&ssl=1&resize=700%2C400 2x, https:\/\/i0.wp.com\/transalpi.eu\/wp-content\/uploads\/2026\/04\/passo_San_Bernardo.png?fit=1200%2C800&ssl=1&resize=1050%2C600 3x"},"classes":[]},{"id":2320,"url":"https:\/\/transalpi.eu\/fr\/come-attraversare-il-colle-del-piccolo-san-bernardo-con-i-mezzi-pubblici-questestate\/","url_meta":{"origin":1956,"position":2},"title":"Comment traverser le Col du Petit-Saint-Bernard en transports en commun cet \u00e9t\u00e9 ?","author":"trasporti","date":"21\/07\/2026","format":false,"excerpt":"Quest\u2019estate, il colle transfrontaliero del Piccolo San Bernardo \u00e8 facilmente raggiungibile con i mezzi pubblici grazie ai servizi navetta organizzati su entrambi i lati del confine franco-italiano. Questa offerta...","rel":"","context":"Article similaire","block_context":{"text":"Article similaire","link":""},"img":{"alt_text":"","src":"https:\/\/i0.wp.com\/transalpi.eu\/wp-content\/uploads\/2026\/07\/colle_piccolo_san_bernardo.png?fit=1200%2C800&ssl=1&resize=350%2C200","width":350,"height":200,"srcset":"https:\/\/i0.wp.com\/transalpi.eu\/wp-content\/uploads\/2026\/07\/colle_piccolo_san_bernardo.png?fit=1200%2C800&ssl=1&resize=350%2C200 1x, https:\/\/i0.wp.com\/transalpi.eu\/wp-content\/uploads\/2026\/07\/colle_piccolo_san_bernardo.png?fit=1200%2C800&ssl=1&resize=525%2C300 1.5x, https:\/\/i0.wp.com\/transalpi.eu\/wp-content\/uploads\/2026\/07\/colle_piccolo_san_bernardo.png?fit=1200%2C800&ssl=1&resize=700%2C400 2x, https:\/\/i0.wp.com\/transalpi.eu\/wp-content\/uploads\/2026\/07\/colle_piccolo_san_bernardo.png?fit=1200%2C800&ssl=1&resize=1050%2C600 3x"},"classes":[]},{"id":2370,"url":"https:\/\/transalpi.eu\/fr\/rivieralp-itinerari-ciclabili-tra-le-alpi-e-il-mediterraneo\/","url_meta":{"origin":1956,"position":3},"title":"RivierAlp : des itin\u00e9raires cyclables entre Alpes et M\u00e9diterran\u00e9e","author":"trasporti","date":"21\/08\/2026","format":false,"excerpt":"Condotto dal Comune di Limone Piemonte nell\u2019ambito del programma Interreg ALCOTRA, il progetto RivierAlp mira a valorizzare un\u2019offerta turistica sostenibile e rispettosa dell\u2019ambiente, promuovendo itinerari escursionistici e cicloturistici che collegano le Alpi al...","rel":"","context":"Article similaire","block_context":{"text":"Article similaire","link":""},"img":{"alt_text":"","src":"https:\/\/i0.wp.com\/transalpi.eu\/wp-content\/uploads\/2026\/07\/RivierAlp_itinerari_ciclabili_tra_mediterraneo_e_alpi.png?fit=1200%2C800&ssl=1&resize=350%2C200","width":350,"height":200,"srcset":"https:\/\/i0.wp.com\/transalpi.eu\/wp-content\/uploads\/2026\/07\/RivierAlp_itinerari_ciclabili_tra_mediterraneo_e_alpi.png?fit=1200%2C800&ssl=1&resize=350%2C200 1x, https:\/\/i0.wp.com\/transalpi.eu\/wp-content\/uploads\/2026\/07\/RivierAlp_itinerari_ciclabili_tra_mediterraneo_e_alpi.png?fit=1200%2C800&ssl=1&resize=525%2C300 1.5x, https:\/\/i0.wp.com\/transalpi.eu\/wp-content\/uploads\/2026\/07\/RivierAlp_itinerari_ciclabili_tra_mediterraneo_e_alpi.png?fit=1200%2C800&ssl=1&resize=700%2C400 2x, https:\/\/i0.wp.com\/transalpi.eu\/wp-content\/uploads\/2026\/07\/RivierAlp_itinerari_ciclabili_tra_mediterraneo_e_alpi.png?fit=1200%2C800&ssl=1&resize=1050%2C600 3x"},"classes":[]},{"id":1672,"url":"https:\/\/transalpi.eu\/fr\/riapertura-parziale-della-strada-litoranea-tra-mentone-e-ventimiglia-a-partire-dal-3-giugno\/","url_meta":{"origin":1956,"position":4},"title":"R\u00e9ouverture partielle de la route littorale entre Menton et Vintimille \u00e0 compter du 3 juin","author":"trasporti","date":"26\/05\/2026","format":false,"excerpt":"Wikimedia Commons \u2013 Tangopaso Ripresa del traffico in direzione Francia-Italia\u00a0\u00a0 Chiusa dal 12 gennaio 2026 a causa di importanti lavori, la strada litoranea che collega Mentone a Ventimiglia riaprir\u00e0 al traffico mercoled\u00ec\u00a03 giugno,\u00a0esclusivamente\u00a0dalla Francia verso l'Italia.\u00a0\u00a0\u00a0 L'annuncio \u00e8 stato dato il 12 maggio al termine di\u00a0una\u00a0visita\u00a0del cantiere organizzata\u00a0alla presenza del\u2026","rel":"","context":"Article similaire","block_context":{"text":"Article similaire","link":""},"img":{"alt_text":"","src":"https:\/\/i0.wp.com\/transalpi.eu\/wp-content\/uploads\/2026\/05\/Dogana_francia_italia_libredroits.png?fit=1200%2C800&ssl=1&resize=350%2C200","width":350,"height":200,"srcset":"https:\/\/i0.wp.com\/transalpi.eu\/wp-content\/uploads\/2026\/05\/Dogana_francia_italia_libredroits.png?fit=1200%2C800&ssl=1&resize=350%2C200 1x, https:\/\/i0.wp.com\/transalpi.eu\/wp-content\/uploads\/2026\/05\/Dogana_francia_italia_libredroits.png?fit=1200%2C800&ssl=1&resize=525%2C300 1.5x, https:\/\/i0.wp.com\/transalpi.eu\/wp-content\/uploads\/2026\/05\/Dogana_francia_italia_libredroits.png?fit=1200%2C800&ssl=1&resize=700%2C400 2x, https:\/\/i0.wp.com\/transalpi.eu\/wp-content\/uploads\/2026\/05\/Dogana_francia_italia_libredroits.png?fit=1200%2C800&ssl=1&resize=1050%2C600 3x"},"classes":[]},{"id":1585,"url":"https:\/\/transalpi.eu\/fr\/la-francia-ratifica-la-convenzione-ferroviaria-cuneo-breil-ventimiglia\/","url_meta":{"origin":1956,"position":5},"title":"La France ratifie la convention ferroviaire Coni\u2013Breil\u2013Vintimille","author":"trasporti","date":"15\/04\/2026","format":false,"excerpt":"Wikimedia Commons CC BY-SA 3.0 - Gilles tagada Un lungo processo\u00a0di negoziazioni\u00a0finalmente giunto a conclusione\u00a0 Il 9 aprile 2026 \u00e8 stata adottata dall\u2019assemblea nazionale francese la legge che autorizza l\u2019approvazione della nuova Convenzione ferroviaria Cuneo-Breil-Ventimiglia.\u00a0 La Convenzione entrer\u00e0 in vigore dopo la notifica prevista dello Stato francese, secondo quanto stabilito\u2026","rel":"","context":"Avec 1 commentaire","block_context":{"text":"Avec 1 commentaire","link":"https:\/\/transalpi.eu\/fr\/la-francia-ratifica-la-convenzione-ferroviaria-cuneo-breil-ventimiglia\/#comments"},"img":{"alt_text":"","src":"https:\/\/i0.wp.com\/transalpi.eu\/wp-content\/uploads\/2026\/05\/Gare_Breil_C_Gilles_tagada_Wikimedia_Commons_CC_BY-SA_3.0-1.jpg?fit=960%2C640&ssl=1&resize=350%2C200","width":350,"height":200,"srcset":"https:\/\/i0.wp.com\/transalpi.eu\/wp-content\/uploads\/2026\/05\/Gare_Breil_C_Gilles_tagada_Wikimedia_Commons_CC_BY-SA_3.0-1.jpg?fit=960%2C640&ssl=1&resize=350%2C200 1x, https:\/\/i0.wp.com\/transalpi.eu\/wp-content\/uploads\/2026\/05\/Gare_Breil_C_Gilles_tagada_Wikimedia_Commons_CC_BY-SA_3.0-1.jpg?fit=960%2C640&ssl=1&resize=525%2C300 1.5x, https:\/\/i0.wp.com\/transalpi.eu\/wp-content\/uploads\/2026\/05\/Gare_Breil_C_Gilles_tagada_Wikimedia_Commons_CC_BY-SA_3.0-1.jpg?fit=960%2C640&ssl=1&resize=700%2C400 2x"},"classes":[]}],"jetpack_featured_media_url":"https:\/\/i0.wp.com\/transalpi.eu\/wp-content\/uploads\/2026\/06\/comite_cooperatrion_frontaliere_fr_it.png?fit=1200%2C800&ssl=1","_links":{"self":[{"href":"https:\/\/transalpi.eu\/fr\/wp-json\/wp\/v2\/posts\/1956","targetHints":{"allow":["GET"]}}],"collection":[{"href":"https:\/\/transalpi.eu\/fr\/wp-json\/wp\/v2\/posts"}],"about":[{"href":"https:\/\/transalpi.eu\/fr\/wp-json\/wp\/v2\/types\/post"}],"author":[{"embeddable":true,"href":"https:\/\/transalpi.eu\/fr\/wp-json\/wp\/v2\/users\/276573831"}],"replies":[{"embeddable":true,"href":"https:\/\/transalpi.eu\/fr\/wp-json\/wp\/v2\/comments?post=1956"}],"version-history":[{"count":22,"href":"https:\/\/transalpi.eu\/fr\/wp-json\/wp\/v2\/posts\/1956\/revisions"}],"predecessor-version":[{"id":1992,"href":"https:\/\/transalpi.eu\/fr\/wp-json\/wp\/v2\/posts\/1956\/revisions\/1992"}],"wp:featuredmedia":[{"embeddable":true,"href":"https:\/\/transalpi.eu\/fr\/wp-json\/wp\/v2\/media\/1960"}],"wp:attachment":[{"href":"https:\/\/transalpi.eu\/fr\/wp-json\/wp\/v2\/media?parent=1956"}],"wp:term":[{"taxonomy":"category","embeddable":true,"href":"https:\/\/transalpi.eu\/fr\/wp-json\/wp\/v2\/categories?post=1956"},{"taxonomy":"post_tag","embeddable":true,"href":"https:\/\/transalpi.eu\/fr\/wp-json\/wp\/v2\/tags?post=1956"},{"taxonomy":"tag_","embeddable":true,"href":"https:\/\/transalpi.eu\/fr\/wp-json\/wp\/v2\/tag_?post=1956"}],"curies":[{"name":"wp","href":"https:\/\/api.w.org\/{rel}","templated":true}]}}